{"id":975,"date":"2018-05-14T11:16:28","date_gmt":"2018-05-14T11:16:28","guid":{"rendered":"http:\/\/www.residenciasarria.com\/blog\/?p=975"},"modified":"2018-05-14T11:16:28","modified_gmt":"2018-05-14T11:16:28","slug":"nits-museus-barcelona","status":"publish","type":"post","link":"https:\/\/www.residenciasarria.com\/blog\/nits-museus-barcelona\/","title":{"rendered":"\u00a1Vuelve la Nit dels Museus! Los museos de Barcelona que no te puedes perder"},"content":{"rendered":"<p>Este s\u00e1bado 19 de mayo est\u00e1 marcado en el calendario: vuelve la <strong>Nit dels Museus<\/strong>. Coincidiendo con el d\u00eda Internacional de los Museos, que se celebra el 18 de mayo, se podr\u00e1n visitar gratis 106 exposiciones temporales y colecciones permanentes en m\u00e1s de 80 centros de Barcelona y ciudades del \u00e1rea metropolitana. Desde las 7 de la tarde hasta la 1 de la madrugada.<\/p>\n<p>Es una oportunidad para conocer algunos de los espacios y colecciones m\u00e1s significativos de la ciudad condal. Y no solo eso, esta cita imperdible viene acompa\u00f1ada de la m\u00e1s <strong>completa programaci\u00f3n de actividades<\/strong>: visitas teatralizadas, visitas comentadas en exposiciones, itinerarios guiados, talleres, actividades familiares, conciertos, bailes, magia, proyecciones, recitales\u2026<\/p>\n<p>Los amantes de la gastronom\u00eda tambi\u00e9n podr\u00e1n degustar algunas de las elaboraciones m\u00e1s sorprendentes en el <strong>servicio de foodtrucks<\/strong> que estar\u00e1 disponible en algunos de los centros participantes.<\/p>\n<p>Sabemos que Barcelona es una ciudad ideal para <a href=\"https:\/\/www.residenciasarria.com\/blog\/lugares-barcelona-estudiar-aire-libre\/\">estudiar al aire libre<\/a>, pero la noche \u00a0se convertir\u00e1 este s\u00e1bado en la mejor aliada para descubrir determinados espacios de la capital catalana y todo aquello que los inspiran, con una mirada totalmente enfocada a comprender mejor su historia y significado. Esta iniciativa europea llega a su <strong>14\u00aa edici\u00f3n<\/strong> este a\u00f1o, en la que participan m\u00e1s de 4.000 museos de toda Europa.<\/p>\n<p>Solos, con la familia, con los compa\u00f1eros de la residencia o con tu bicicleta del <a href=\"https:\/\/www.residenciasarria.com\/es\/servicios\/bici-rus\/_i:13\/\">servicio Bici RUS<\/a>: \u00a1la magia de la Nit dels Museus se debe experimentar en primera persona! Disfruta a la luz de la luna de colecciones, conciertos o espect\u00e1culos que te dejar\u00e1n literalmente boquiabierto. \u00a1Toma nota de lo que te proponemos a continuaci\u00f3n!<\/p>\n<p>&nbsp;<\/p>\n<div id=\"ez-toc-container\" class=\"ez-toc-v2_0_81 counter-hierarchy ez-toc-counter ez-toc-grey ez-toc-container-direction\">\n<div class=\"ez-toc-title-container\">\n<p class=\"ez-toc-title\" style=\"cursor:inherit\">\u00cdndice de contenido<\/p>\n<span class=\"ez-toc-title-toggle\"><a href=\"#\" class=\"ez-toc-pull-right ez-toc-btn ez-toc-btn-xs ez-toc-btn-default ez-toc-toggle\" aria-label=\"Alternar tabla de contenidos\"><span class=\"ez-toc-js-icon-con\"><span class=\"\"><span class=\"eztoc-hide\" style=\"display:none;\">Toggle<\/span><span class=\"ez-toc-icon-toggle-span\"><svg style=\"fill: #999;color:#999\" xmlns=\"http:\/\/www.w3.org\/2000\/svg\" class=\"list-377408\" width=\"20px\" height=\"20px\" viewBox=\"0 0 24 24\" fill=\"none\"><path d=\"M6 6H4v2h2V6zm14 0H8v2h12V6zM4 11h2v2H4v-2zm16 0H8v2h12v-2zM4 16h2v2H4v-2zm16 0H8v2h12v-2z\" fill=\"currentColor\"><\/path><\/svg><svg style=\"fill: #999;color:#999\" class=\"arrow-unsorted-368013\" xmlns=\"http:\/\/www.w3.org\/2000\/svg\" width=\"10px\" height=\"10px\" viewBox=\"0 0 24 24\" version=\"1.2\" baseProfile=\"tiny\"><path d=\"M18.2 9.3l-6.2-6.3-6.2 6.3c-.2.2-.3.4-.3.7s.1.5.3.7c.2.2.4.3.7.3h11c.3 0 .5-.1.7-.3.2-.2.3-.5.3-.7s-.1-.5-.3-.7zM5.8 14.7l6.2 6.3 6.2-6.3c.2-.2.3-.5.3-.7s-.1-.5-.3-.7c-.2-.2-.4-.3-.7-.3h-11c-.3 0-.5.1-.7.3-.2.2-.3.5-.3.7s.1.5.3.7z\"\/><\/svg><\/span><\/span><\/span><\/a><\/span><\/div>\n<nav><ul class='ez-toc-list ez-toc-list-level-1 ' ><li class='ez-toc-page-1 ez-toc-heading-level-2'><a class=\"ez-toc-link ez-toc-heading-1\" href=\"https:\/\/www.residenciasarria.com\/blog\/nits-museus-barcelona\/#Los_mejores_planes_en_la_Nit_dels_Museus_en_Barcelona\" >Los mejores planes en la Nit dels Museus en Barcelona<\/a><ul class='ez-toc-list-level-3' ><li class='ez-toc-heading-level-3'><a class=\"ez-toc-link ez-toc-heading-2\" href=\"https:\/\/www.residenciasarria.com\/blog\/nits-museus-barcelona\/#Pedrera\" >Pedrera<\/a><\/li><li class='ez-toc-page-1 ez-toc-heading-level-3'><a class=\"ez-toc-link ez-toc-heading-3\" href=\"https:\/\/www.residenciasarria.com\/blog\/nits-museus-barcelona\/#El_Castillo_de_Montjuic\" >El Castillo de Montju\u00efc<\/a><\/li><li class='ez-toc-page-1 ez-toc-heading-level-3'><a class=\"ez-toc-link ez-toc-heading-4\" href=\"https:\/\/www.residenciasarria.com\/blog\/nits-museus-barcelona\/#MACBA\" >MACBA<\/a><\/li><li class='ez-toc-page-1 ez-toc-heading-level-3'><a class=\"ez-toc-link ez-toc-heading-5\" href=\"https:\/\/www.residenciasarria.com\/blog\/nits-museus-barcelona\/#El_Born_Centre_de_Cultura_i_Memoria\" >El Born Centre de Cultura i Mem\u00f2ria<\/a><\/li><li class='ez-toc-page-1 ez-toc-heading-level-3'><a class=\"ez-toc-link ez-toc-heading-6\" href=\"https:\/\/www.residenciasarria.com\/blog\/nits-museus-barcelona\/#CCCB\" >CCCB<\/a><\/li><\/ul><\/li><\/ul><\/nav><\/div>\n<h2><span class=\"ez-toc-section\" id=\"Los_mejores_planes_en_la_Nit_dels_Museus_en_Barcelona\"><\/span><strong>Los mejores planes en la Nit dels Museus en Barcelona<\/strong><span class=\"ez-toc-section-end\"><\/span><\/h2>\n<p>&nbsp;<\/p>\n<ol>\n<li>\n<h3><span class=\"ez-toc-section\" id=\"Pedrera\"><\/span><strong>Pedrera<\/strong><span class=\"ez-toc-section-end\"><\/span><\/h3>\n<\/li>\n<\/ol>\n<p>&nbsp;<\/p>\n<p>Este a\u00f1o la reserva de entradas online se ha vuelvo a aplicar para la Pedrera para evitar las largas colas y esperas ante la construcci\u00f3n de Antoni Gaud\u00ed. \u00bfEstuviste atento el 7 de mayo? En una hora se agotaron las entradas para realizar una visita libre durante la Nit dels Museus a los espacios m\u00e1s identitarios de la Pedrera: el terrado, l\u2019<strong>Espai Gaud\u00ed <\/strong>(las golfas), un piso que recrea la vida burguesa del principio del siglo XX, los patios y la sala de exposiciones.<\/p>\n<p>&nbsp;<\/p>\n<ol start=\"2\">\n<li>\n<h3><span class=\"ez-toc-section\" id=\"El_Castillo_de_Montjuic\"><\/span><strong>El Castillo de Montju\u00efc<\/strong><span class=\"ez-toc-section-end\"><\/span><\/h3>\n<\/li>\n<\/ol>\n<p>&nbsp;<\/p>\n<p>Entre la larga lista de actividades, la visita al <strong>Castillo de Montju\u00efc<\/strong> brilla con luz propia, donde se realizar\u00e1n visitas guiadas por el castillo y sus dependencias normalmente cerradas al p\u00fablico, como los calabozos o la torre de vig\u00eda, que tiene unas espectaculares vistas.<\/p>\n<p>&nbsp;<\/p>\n<ol start=\"3\">\n<li>\n<h3><span class=\"ez-toc-section\" id=\"MACBA\"><\/span><strong>MACBA<\/strong><span class=\"ez-toc-section-end\"><\/span><\/h3>\n<\/li>\n<\/ol>\n<p>&nbsp;<\/p>\n<p>El <strong>Museu d\u2019Art Contemporani de Barcelona<\/strong> (MACBA) ofrecer\u00e1 una jornada de puertas abiertas el viernes 18 de mayo, de 11 a 19.30 h; y el s\u00e1bado, de 16 a 1 h de la ma\u00f1ana. El p\u00fablico no solo podr\u00e1 acceder gratis a las exposiciones, sino que tambi\u00e9n podr\u00e1 participar en las actividades programadas. No te pierdas la <em>Revolta en el c\u00f2mic<\/em>, <em>Un acte de parresia, <\/em>(<em>La) pell del museu <\/em>y un gran n\u00famero de visitas comentadas en las exposiciones.<\/p>\n<p>&nbsp;<\/p>\n<ol start=\"4\">\n<li>\n<h3><span class=\"ez-toc-section\" id=\"El_Born_Centre_de_Cultura_i_Memoria\"><\/span><strong>El Born Centre de Cultura i Mem\u00f2ria<\/strong><span class=\"ez-toc-section-end\"><\/span><\/h3>\n<\/li>\n<\/ol>\n<p>&nbsp;<\/p>\n<p>Este es uno de los espacios que promueve la reflexi\u00f3n sobre la memoria local, nacional y de los acontecimientos que han marcado a las comunidades de todo el mundo. Durante esta jornada nocturna, se ofrecer\u00e1n visitas guiadas gratuitas de 15 minutos en torno al <strong>yacimiento arqueol\u00f3gico del Born<\/strong> con los restos de la delineaci\u00f3n de las calles y casas de Barcelona que datan de 1700.<\/p>\n<p>&nbsp;<\/p>\n<ol start=\"5\">\n<li>\n<h3><span class=\"ez-toc-section\" id=\"CCCB\"><\/span><strong>CCCB<\/strong><span class=\"ez-toc-section-end\"><\/span><\/h3>\n<\/li>\n<\/ol>\n<p>&nbsp;<\/p>\n<p>\u00bfTodav\u00eda no has visto las fotograf\u00edas seleccionadas del World Press Photo 2018? Si te acercas al <strong>Centre de Cultura Contempor\u00e0nia de Barcelona<\/strong> situado en el Raval podr\u00e1s deleitarte no tan solo con im\u00e1genes espectaculares, sino que tambi\u00e9n podr\u00e1s conocer la historia que encierran cada una de ellas.<\/p>\n<p>El Monasterio de Pedralbres, el Cosmocaixa, el museo Picasso, la Fundaci\u00f3n Mir\u00f3, el museo de la historia de Catalu\u00f1a o incluso el museo del F\u00fatbol Club Barcelona. Las oportunidades que esta cita nocturna nos ofrece son innumerables. \u00a1Este s\u00e1bado toca irse a dormir un poco m\u00e1s tarde la cuenta!<\/p>\n<p>&nbsp;<\/p>\n<p><a href=\"https:\/\/www.residenciasarria.com\/es\/inscripcion\/\"><img loading=\"lazy\" decoding=\"async\" class=\"alignnone size-full wp-image-181\" src=\"https:\/\/www.residenciasarria.com\/blog\/wp-content\/uploads\/2016\/01\/residencia-sarria-inscripcion.jpg\" alt=\"Inscripci\u00f3n online en la Residencia Sarri\u00e0\" width=\"795\" height=\"150\" srcset=\"https:\/\/www.residenciasarria.com\/blog\/wp-content\/uploads\/2016\/01\/residencia-sarria-inscripcion.jpg 795w, https:\/\/www.residenciasarria.com\/blog\/wp-content\/uploads\/2016\/01\/residencia-sarria-inscripcion-300x57.jpg 300w, https:\/\/www.residenciasarria.com\/blog\/wp-content\/uploads\/2016\/01\/residencia-sarria-inscripcion-768x145.jpg 768w\" sizes=\"auto, (max-width: 795px) 100vw, 795px\" \/><\/a><\/p>\n\n\n<div class=\"kk-star-ratings kksr-auto kksr-align-right kksr-valign-bottom\"\n    data-payload='{&quot;align&quot;:&quot;right&quot;,&quot;id&quot;:&quot;975&quot;,&quot;slug&quot;:&quot;default&quot;,&quot;valign&quot;:&quot;bottom&quot;,&quot;ignore&quot;:&quot;&quot;,&quot;reference&quot;:&quot;auto&quot;,&quot;class&quot;:&quot;&quot;,&quot;count&quot;:&quot;3&quot;,&quot;legendonly&quot;:&quot;&quot;,&quot;readonly&quot;:&quot;&quot;,&quot;score&quot;:&quot;5&quot;,&quot;starsonly&quot;:&quot;&quot;,&quot;best&quot;:&quot;5&quot;,&quot;gap&quot;:&quot;5&quot;,&quot;greet&quot;:&quot;Rate this post&quot;,&quot;legend&quot;:&quot;5\\\/5 - (3 votos)&quot;,&quot;size&quot;:&quot;24&quot;,&quot;title&quot;:&quot;\u00a1Vuelve la Nit dels Museus! Los museos de Barcelona que no te puedes perder&quot;,&quot;width&quot;:&quot;142.5&quot;,&quot;_legend&quot;:&quot;{score}\\\/{best} - ({count} {votes})&quot;,&quot;font_factor&quot;:&quot;1.25&quot;}'>\n            \n<div class=\"kksr-stars\">\n    \n<div class=\"kksr-stars-inactive\">\n            <div class=\"kksr-star\" data-star=\"1\" style=\"padding-right: 5px\">\n            \n\n<div class=\"kksr-icon\" style=\"width: 24px; height: 24px;\"><\/div>\n        <\/div>\n            <div class=\"kksr-star\" data-star=\"2\" style=\"padding-right: 5px\">\n            \n\n<div class=\"kksr-icon\" style=\"width: 24px; height: 24px;\"><\/div>\n        <\/div>\n            <div class=\"kksr-star\" data-star=\"3\" style=\"padding-right: 5px\">\n            \n\n<div class=\"kksr-icon\" style=\"width: 24px; height: 24px;\"><\/div>\n        <\/div>\n            <div class=\"kksr-star\" data-star=\"4\" style=\"padding-right: 5px\">\n            \n\n<div class=\"kksr-icon\" style=\"width: 24px; height: 24px;\"><\/div>\n        <\/div>\n            <div class=\"kksr-star\" data-star=\"5\" style=\"padding-right: 5px\">\n            \n\n<div class=\"kksr-icon\" style=\"width: 24px; height: 24px;\"><\/div>\n        <\/div>\n    <\/div>\n    \n<div class=\"kksr-stars-active\" style=\"width: 142.5px;\">\n            <div class=\"kksr-star\" style=\"padding-right: 5px\">\n            \n\n<div class=\"kksr-icon\" style=\"width: 24px; height: 24px;\"><\/div>\n        <\/div>\n            <div class=\"kksr-star\" style=\"padding-right: 5px\">\n            \n\n<div class=\"kksr-icon\" style=\"width: 24px; height: 24px;\"><\/div>\n        <\/div>\n            <div class=\"kksr-star\" style=\"padding-right: 5px\">\n            \n\n<div class=\"kksr-icon\" style=\"width: 24px; height: 24px;\"><\/div>\n        <\/div>\n            <div class=\"kksr-star\" style=\"padding-right: 5px\">\n            \n\n<div class=\"kksr-icon\" style=\"width: 24px; height: 24px;\"><\/div>\n        <\/div>\n            <div class=\"kksr-star\" style=\"padding-right: 5px\">\n            \n\n<div class=\"kksr-icon\" style=\"width: 24px; height: 24px;\"><\/div>\n        <\/div>\n    <\/div>\n<\/div>\n                \n\n<div class=\"kksr-legend\" style=\"font-size: 19.2px;\">\n            5\/5 - (3 votos)    <\/div>\n    <\/div>\n","protected":false},"excerpt":{"rendered":"<p>Este s\u00e1bado 19 de mayo est\u00e1 marcado en el calendario: vuelve la Nit dels Museus. Coincidiendo con el d\u00eda Internacional de los Museos, que se celebra el 18 de mayo, se podr\u00e1n visitar gratis 106 exposiciones temporales y colecciones permanentes en m\u00e1s de 80 centros de Barcelona y ciudades del \u00e1rea metropolitana. Desde las 7 [&hellip;]<\/p>\n","protected":false},"author":1,"featured_media":976,"comment_status":"closed","ping_status":"open","sticky":false,"template":"","format":"standard","meta":{"_et_pb_use_builder":"","_et_pb_old_content":"","_et_gb_content_width":"","footnotes":""},"categories":[6],"tags":[],"class_list":["post-975","post","type-post","status-publish","format-standard","has-post-thumbnail","hentry","category-estudiar-en-barcelona"],"yoast_head":"<!-- This site is optimized with the Yoast SEO plugin v23.9 - https:\/\/yoast.com\/wordpress\/plugins\/seo\/ -->\n<title>\u00a1Vuelve la Nit dels Museus! 5 museos de Barcelona a visitar<\/title>\n<meta name=\"description\" content=\"Vuelve la Nit dels Museus en Barcelona. \u00a1Descubre las opciones m\u00e1s atractivas para disfrutar de esta noche especial en la capital condal!\" \/>\n<meta name=\"robots\" content=\"index, follow, max-snippet:-1, max-image-preview:large, max-video-preview:-1\" \/>\n<link rel=\"canonical\" href=\"https:\/\/www.residenciasarria.com\/blog\/nits-museus-barcelona\/\" \/>\n<meta property=\"og:locale\" content=\"es_ES\" \/>\n<meta property=\"og:type\" content=\"article\" \/>\n<meta property=\"og:title\" content=\"\u00a1Vuelve la Nit dels Museus! 5 museos de Barcelona a visitar\" \/>\n<meta property=\"og:description\" content=\"Vuelve la Nit dels Museus en Barcelona. \u00a1Descubre las opciones m\u00e1s atractivas para disfrutar de esta noche especial en la capital condal!\" \/>\n<meta property=\"og:url\" content=\"https:\/\/www.residenciasarria.com\/blog\/nits-museus-barcelona\/\" \/>\n<meta property=\"og:site_name\" content=\"Residencia Universitaria Sarri\u00e0\" \/>\n<meta property=\"article:publisher\" content=\"http:\/\/www.facebook.com\/residenciasarria\" \/>\n<meta property=\"article:published_time\" content=\"2018-05-14T11:16:28+00:00\" \/>\n<meta property=\"og:image\" content=\"https:\/\/www.residenciasarria.com\/blog\/wp-content\/uploads\/2018\/05\/nit-dels-museus-en-barcelona.jpg\" \/>\n\t<meta property=\"og:image:width\" content=\"800\" \/>\n\t<meta property=\"og:image:height\" content=\"533\" \/>\n\t<meta property=\"og:image:type\" content=\"image\/jpeg\" \/>\n<meta name=\"author\" content=\"Residencia Universitaria Sarri\u00e0\" \/>\n<meta name=\"twitter:card\" content=\"summary_large_image\" \/>\n<meta name=\"twitter:creator\" content=\"@ResiSarria\" \/>\n<meta name=\"twitter:site\" content=\"@ResiSarria\" \/>\n<meta name=\"twitter:label1\" content=\"Escrito por\" \/>\n\t<meta name=\"twitter:data1\" content=\"Residencia Universitaria Sarri\u00e0\" \/>\n\t<meta name=\"twitter:label2\" content=\"Tiempo de lectura\" \/>\n\t<meta name=\"twitter:data2\" content=\"4 minutos\" \/>\n<script type=\"application\/ld+json\" class=\"yoast-schema-graph\">{\"@context\":\"https:\/\/schema.org\",\"@graph\":[{\"@type\":\"Article\",\"@id\":\"https:\/\/www.residenciasarria.com\/blog\/nits-museus-barcelona\/#article\",\"isPartOf\":{\"@id\":\"https:\/\/www.residenciasarria.com\/blog\/nits-museus-barcelona\/\"},\"author\":{\"name\":\"Residencia Universitaria Sarri\u00e0\",\"@id\":\"https:\/\/www.residenciasarria.com\/blog\/#\/schema\/person\/24647b7029df760ee1abd1ccc2dde0e2\"},\"headline\":\"\u00a1Vuelve la Nit dels Museus! Los museos de Barcelona que no te puedes perder\",\"datePublished\":\"2018-05-14T11:16:28+00:00\",\"dateModified\":\"2018-05-14T11:16:28+00:00\",\"mainEntityOfPage\":{\"@id\":\"https:\/\/www.residenciasarria.com\/blog\/nits-museus-barcelona\/\"},\"wordCount\":722,\"publisher\":{\"@id\":\"https:\/\/www.residenciasarria.com\/blog\/#organization\"},\"image\":{\"@id\":\"https:\/\/www.residenciasarria.com\/blog\/nits-museus-barcelona\/#primaryimage\"},\"thumbnailUrl\":\"https:\/\/www.residenciasarria.com\/blog\/wp-content\/uploads\/2018\/05\/nit-dels-museus-en-barcelona.jpg\",\"articleSection\":[\"Estudiar en Barcelona\"],\"inLanguage\":\"es\"},{\"@type\":\"WebPage\",\"@id\":\"https:\/\/www.residenciasarria.com\/blog\/nits-museus-barcelona\/\",\"url\":\"https:\/\/www.residenciasarria.com\/blog\/nits-museus-barcelona\/\",\"name\":\"\u00a1Vuelve la Nit dels Museus! 5 museos de Barcelona a visitar\",\"isPartOf\":{\"@id\":\"https:\/\/www.residenciasarria.com\/blog\/#website\"},\"primaryImageOfPage\":{\"@id\":\"https:\/\/www.residenciasarria.com\/blog\/nits-museus-barcelona\/#primaryimage\"},\"image\":{\"@id\":\"https:\/\/www.residenciasarria.com\/blog\/nits-museus-barcelona\/#primaryimage\"},\"thumbnailUrl\":\"https:\/\/www.residenciasarria.com\/blog\/wp-content\/uploads\/2018\/05\/nit-dels-museus-en-barcelona.jpg\",\"datePublished\":\"2018-05-14T11:16:28+00:00\",\"dateModified\":\"2018-05-14T11:16:28+00:00\",\"description\":\"Vuelve la Nit dels Museus en Barcelona. \u00a1Descubre las opciones m\u00e1s atractivas para disfrutar de esta noche especial en la capital condal!\",\"breadcrumb\":{\"@id\":\"https:\/\/www.residenciasarria.com\/blog\/nits-museus-barcelona\/#breadcrumb\"},\"inLanguage\":\"es\",\"potentialAction\":[{\"@type\":\"ReadAction\",\"target\":[\"https:\/\/www.residenciasarria.com\/blog\/nits-museus-barcelona\/\"]}]},{\"@type\":\"ImageObject\",\"inLanguage\":\"es\",\"@id\":\"https:\/\/www.residenciasarria.com\/blog\/nits-museus-barcelona\/#primaryimage\",\"url\":\"https:\/\/www.residenciasarria.com\/blog\/wp-content\/uploads\/2018\/05\/nit-dels-museus-en-barcelona.jpg\",\"contentUrl\":\"https:\/\/www.residenciasarria.com\/blog\/wp-content\/uploads\/2018\/05\/nit-dels-museus-en-barcelona.jpg\",\"width\":800,\"height\":533,\"caption\":\"\u00a1Vuelve la Nit dels Museus en Barcelona! Descubre los mejores planes\"},{\"@type\":\"BreadcrumbList\",\"@id\":\"https:\/\/www.residenciasarria.com\/blog\/nits-museus-barcelona\/#breadcrumb\",\"itemListElement\":[{\"@type\":\"ListItem\",\"position\":1,\"name\":\"Portada\",\"item\":\"https:\/\/www.residenciasarria.com\/blog\/\"},{\"@type\":\"ListItem\",\"position\":2,\"name\":\"\u00a1Vuelve la Nit dels Museus! Los museos de Barcelona que no te puedes perder\"}]},{\"@type\":\"WebSite\",\"@id\":\"https:\/\/www.residenciasarria.com\/blog\/#website\",\"url\":\"https:\/\/www.residenciasarria.com\/blog\/\",\"name\":\"Residencia Universitaria Sarri\u00e0\",\"description\":\"La Residencia Universitaria Sarri\u00e0 es un espacio donde el estudio y el desarrollo personal son una prioridad.\",\"publisher\":{\"@id\":\"https:\/\/www.residenciasarria.com\/blog\/#organization\"},\"alternateName\":\"RUS\",\"potentialAction\":[{\"@type\":\"SearchAction\",\"target\":{\"@type\":\"EntryPoint\",\"urlTemplate\":\"https:\/\/www.residenciasarria.com\/blog\/?s={search_term_string}\"},\"query-input\":{\"@type\":\"PropertyValueSpecification\",\"valueRequired\":true,\"valueName\":\"search_term_string\"}}],\"inLanguage\":\"es\"},{\"@type\":\"Organization\",\"@id\":\"https:\/\/www.residenciasarria.com\/blog\/#organization\",\"name\":\"Residencia Universitaria Sarri\u00e0\",\"alternateName\":\"RUS\",\"url\":\"https:\/\/www.residenciasarria.com\/blog\/\",\"logo\":{\"@type\":\"ImageObject\",\"inLanguage\":\"es\",\"@id\":\"https:\/\/www.residenciasarria.com\/blog\/#\/schema\/logo\/image\/\",\"url\":\"https:\/\/www.residenciasarria.com\/blog\/wp-content\/uploads\/2024\/11\/RUS.png\",\"contentUrl\":\"https:\/\/www.residenciasarria.com\/blog\/wp-content\/uploads\/2024\/11\/RUS.png\",\"width\":512,\"height\":512,\"caption\":\"Residencia Universitaria Sarri\u00e0\"},\"image\":{\"@id\":\"https:\/\/www.residenciasarria.com\/blog\/#\/schema\/logo\/image\/\"},\"sameAs\":[\"http:\/\/www.facebook.com\/residenciasarria\",\"https:\/\/x.com\/ResiSarria\",\"https:\/\/www.youtube.com\/user\/RUSarria\"]},{\"@type\":\"Person\",\"@id\":\"https:\/\/www.residenciasarria.com\/blog\/#\/schema\/person\/24647b7029df760ee1abd1ccc2dde0e2\",\"name\":\"Residencia Universitaria Sarri\u00e0\",\"image\":{\"@type\":\"ImageObject\",\"inLanguage\":\"es\",\"@id\":\"https:\/\/www.residenciasarria.com\/blog\/#\/schema\/person\/image\/\",\"url\":\"https:\/\/secure.gravatar.com\/avatar\/7d4a5f12882eafda372a75ec36ce1153?s=96&d=mm&r=g\",\"contentUrl\":\"https:\/\/secure.gravatar.com\/avatar\/7d4a5f12882eafda372a75ec36ce1153?s=96&d=mm&r=g\",\"caption\":\"Residencia Universitaria Sarri\u00e0\"},\"url\":\"https:\/\/www.residenciasarria.com\/blog\/author\/moon\/\"}]}<\/script>\n<!-- \/ Yoast SEO plugin. -->","yoast_head_json":{"title":"\u00a1Vuelve la Nit dels Museus! 5 museos de Barcelona a visitar","description":"Vuelve la Nit dels Museus en Barcelona. \u00a1Descubre las opciones m\u00e1s atractivas para disfrutar de esta noche especial en la capital condal!","robots":{"index":"index","follow":"follow","max-snippet":"max-snippet:-1","max-image-preview":"max-image-preview:large","max-video-preview":"max-video-preview:-1"},"canonical":"https:\/\/www.residenciasarria.com\/blog\/nits-museus-barcelona\/","og_locale":"es_ES","og_type":"article","og_title":"\u00a1Vuelve la Nit dels Museus! 5 museos de Barcelona a visitar","og_description":"Vuelve la Nit dels Museus en Barcelona. \u00a1Descubre las opciones m\u00e1s atractivas para disfrutar de esta noche especial en la capital condal!","og_url":"https:\/\/www.residenciasarria.com\/blog\/nits-museus-barcelona\/","og_site_name":"Residencia Universitaria Sarri\u00e0","article_publisher":"http:\/\/www.facebook.com\/residenciasarria","article_published_time":"2018-05-14T11:16:28+00:00","og_image":[{"width":800,"height":533,"url":"https:\/\/www.residenciasarria.com\/blog\/wp-content\/uploads\/2018\/05\/nit-dels-museus-en-barcelona.jpg","type":"image\/jpeg"}],"author":"Residencia Universitaria Sarri\u00e0","twitter_card":"summary_large_image","twitter_creator":"@ResiSarria","twitter_site":"@ResiSarria","twitter_misc":{"Escrito por":"Residencia Universitaria Sarri\u00e0","Tiempo de lectura":"4 minutos"},"schema":{"@context":"https:\/\/schema.org","@graph":[{"@type":"Article","@id":"https:\/\/www.residenciasarria.com\/blog\/nits-museus-barcelona\/#article","isPartOf":{"@id":"https:\/\/www.residenciasarria.com\/blog\/nits-museus-barcelona\/"},"author":{"name":"Residencia Universitaria Sarri\u00e0","@id":"https:\/\/www.residenciasarria.com\/blog\/#\/schema\/person\/24647b7029df760ee1abd1ccc2dde0e2"},"headline":"\u00a1Vuelve la Nit dels Museus! Los museos de Barcelona que no te puedes perder","datePublished":"2018-05-14T11:16:28+00:00","dateModified":"2018-05-14T11:16:28+00:00","mainEntityOfPage":{"@id":"https:\/\/www.residenciasarria.com\/blog\/nits-museus-barcelona\/"},"wordCount":722,"publisher":{"@id":"https:\/\/www.residenciasarria.com\/blog\/#organization"},"image":{"@id":"https:\/\/www.residenciasarria.com\/blog\/nits-museus-barcelona\/#primaryimage"},"thumbnailUrl":"https:\/\/www.residenciasarria.com\/blog\/wp-content\/uploads\/2018\/05\/nit-dels-museus-en-barcelona.jpg","articleSection":["Estudiar en Barcelona"],"inLanguage":"es"},{"@type":"WebPage","@id":"https:\/\/www.residenciasarria.com\/blog\/nits-museus-barcelona\/","url":"https:\/\/www.residenciasarria.com\/blog\/nits-museus-barcelona\/","name":"\u00a1Vuelve la Nit dels Museus! 5 museos de Barcelona a visitar","isPartOf":{"@id":"https:\/\/www.residenciasarria.com\/blog\/#website"},"primaryImageOfPage":{"@id":"https:\/\/www.residenciasarria.com\/blog\/nits-museus-barcelona\/#primaryimage"},"image":{"@id":"https:\/\/www.residenciasarria.com\/blog\/nits-museus-barcelona\/#primaryimage"},"thumbnailUrl":"https:\/\/www.residenciasarria.com\/blog\/wp-content\/uploads\/2018\/05\/nit-dels-museus-en-barcelona.jpg","datePublished":"2018-05-14T11:16:28+00:00","dateModified":"2018-05-14T11:16:28+00:00","description":"Vuelve la Nit dels Museus en Barcelona. \u00a1Descubre las opciones m\u00e1s atractivas para disfrutar de esta noche especial en la capital condal!","breadcrumb":{"@id":"https:\/\/www.residenciasarria.com\/blog\/nits-museus-barcelona\/#breadcrumb"},"inLanguage":"es","potentialAction":[{"@type":"ReadAction","target":["https:\/\/www.residenciasarria.com\/blog\/nits-museus-barcelona\/"]}]},{"@type":"ImageObject","inLanguage":"es","@id":"https:\/\/www.residenciasarria.com\/blog\/nits-museus-barcelona\/#primaryimage","url":"https:\/\/www.residenciasarria.com\/blog\/wp-content\/uploads\/2018\/05\/nit-dels-museus-en-barcelona.jpg","contentUrl":"https:\/\/www.residenciasarria.com\/blog\/wp-content\/uploads\/2018\/05\/nit-dels-museus-en-barcelona.jpg","width":800,"height":533,"caption":"\u00a1Vuelve la Nit dels Museus en Barcelona! Descubre los mejores planes"},{"@type":"BreadcrumbList","@id":"https:\/\/www.residenciasarria.com\/blog\/nits-museus-barcelona\/#breadcrumb","itemListElement":[{"@type":"ListItem","position":1,"name":"Portada","item":"https:\/\/www.residenciasarria.com\/blog\/"},{"@type":"ListItem","position":2,"name":"\u00a1Vuelve la Nit dels Museus! Los museos de Barcelona que no te puedes perder"}]},{"@type":"WebSite","@id":"https:\/\/www.residenciasarria.com\/blog\/#website","url":"https:\/\/www.residenciasarria.com\/blog\/","name":"Residencia Universitaria Sarri\u00e0","description":"La Residencia Universitaria Sarri\u00e0 es un espacio donde el estudio y el desarrollo personal son una prioridad.","publisher":{"@id":"https:\/\/www.residenciasarria.com\/blog\/#organization"},"alternateName":"RUS","potentialAction":[{"@type":"SearchAction","target":{"@type":"EntryPoint","urlTemplate":"https:\/\/www.residenciasarria.com\/blog\/?s={search_term_string}"},"query-input":{"@type":"PropertyValueSpecification","valueRequired":true,"valueName":"search_term_string"}}],"inLanguage":"es"},{"@type":"Organization","@id":"https:\/\/www.residenciasarria.com\/blog\/#organization","name":"Residencia Universitaria Sarri\u00e0","alternateName":"RUS","url":"https:\/\/www.residenciasarria.com\/blog\/","logo":{"@type":"ImageObject","inLanguage":"es","@id":"https:\/\/www.residenciasarria.com\/blog\/#\/schema\/logo\/image\/","url":"https:\/\/www.residenciasarria.com\/blog\/wp-content\/uploads\/2024\/11\/RUS.png","contentUrl":"https:\/\/www.residenciasarria.com\/blog\/wp-content\/uploads\/2024\/11\/RUS.png","width":512,"height":512,"caption":"Residencia Universitaria Sarri\u00e0"},"image":{"@id":"https:\/\/www.residenciasarria.com\/blog\/#\/schema\/logo\/image\/"},"sameAs":["http:\/\/www.facebook.com\/residenciasarria","https:\/\/x.com\/ResiSarria","https:\/\/www.youtube.com\/user\/RUSarria"]},{"@type":"Person","@id":"https:\/\/www.residenciasarria.com\/blog\/#\/schema\/person\/24647b7029df760ee1abd1ccc2dde0e2","name":"Residencia Universitaria Sarri\u00e0","image":{"@type":"ImageObject","inLanguage":"es","@id":"https:\/\/www.residenciasarria.com\/blog\/#\/schema\/person\/image\/","url":"https:\/\/secure.gravatar.com\/avatar\/7d4a5f12882eafda372a75ec36ce1153?s=96&d=mm&r=g","contentUrl":"https:\/\/secure.gravatar.com\/avatar\/7d4a5f12882eafda372a75ec36ce1153?s=96&d=mm&r=g","caption":"Residencia Universitaria Sarri\u00e0"},"url":"https:\/\/www.residenciasarria.com\/blog\/author\/moon\/"}]}},"amp_enabled":true,"_links":{"self":[{"href":"https:\/\/www.residenciasarria.com\/blog\/wp-json\/wp\/v2\/posts\/975","targetHints":{"allow":["GET"]}}],"collection":[{"href":"https:\/\/www.residenciasarria.com\/blog\/wp-json\/wp\/v2\/posts"}],"about":[{"href":"https:\/\/www.residenciasarria.com\/blog\/wp-json\/wp\/v2\/types\/post"}],"author":[{"embeddable":true,"href":"https:\/\/www.residenciasarria.com\/blog\/wp-json\/wp\/v2\/users\/1"}],"replies":[{"embeddable":true,"href":"https:\/\/www.residenciasarria.com\/blog\/wp-json\/wp\/v2\/comments?post=975"}],"version-history":[{"count":1,"href":"https:\/\/www.residenciasarria.com\/blog\/wp-json\/wp\/v2\/posts\/975\/revisions"}],"predecessor-version":[{"id":977,"href":"https:\/\/www.residenciasarria.com\/blog\/wp-json\/wp\/v2\/posts\/975\/revisions\/977"}],"wp:featuredmedia":[{"embeddable":true,"href":"https:\/\/www.residenciasarria.com\/blog\/wp-json\/wp\/v2\/media\/976"}],"wp:attachment":[{"href":"https:\/\/www.residenciasarria.com\/blog\/wp-json\/wp\/v2\/media?parent=975"}],"wp:term":[{"taxonomy":"category","embeddable":true,"href":"https:\/\/www.residenciasarria.com\/blog\/wp-json\/wp\/v2\/categories?post=975"},{"taxonomy":"post_tag","embeddable":true,"href":"https:\/\/www.residenciasarria.com\/blog\/wp-json\/wp\/v2\/tags?post=975"}],"curies":[{"name":"wp","href":"https:\/\/api.w.org\/{rel}","templated":true}]}}