{"id":758,"date":"2017-09-06T08:33:09","date_gmt":"2017-09-06T08:33:09","guid":{"rendered":"http:\/\/www.residenciasarria.com\/blog\/?p=758"},"modified":"2017-09-08T10:53:12","modified_gmt":"2017-09-08T10:53:12","slug":"planes-estudiantes-universitarios-merce-2017","status":"publish","type":"post","link":"https:\/\/www.residenciasarria.com\/blog\/planes-estudiantes-universitarios-merce-2017\/","title":{"rendered":"Los mejores planes para estudiantes universitarios por La Merc\u00e8 2017"},"content":{"rendered":"<p>Llega Septiembre y con \u00e9l una de las festividades m\u00e1s apreciadas por los barceloneses. <strong>La fiesta de la Merc\u00e8<\/strong> es la mejor manera de decir adi\u00f3s al verano y afrontar con energ\u00eda el pistoletazo de salida del curso universitario.<\/p>\n<p>Si eres nuevo en <strong>Barcelona, <\/strong>o si a\u00fan no has tenido la ocasi\u00f3n de disfrutar de estos d\u00edas tan especiales en la ciudad, presta mucha atenci\u00f3n porque hoy te recomendamos los <strong>mejores <\/strong><a href=\"https:\/\/www.residenciasarria.com\/es\/la-residencia\/#entorno\"><strong>planes para estudiantes universitarios<\/strong><\/a>. Pero antes, un poco de historia.<\/p>\n<p><!--more--><\/p>\n<div id=\"ez-toc-container\" class=\"ez-toc-v2_0_81 counter-hierarchy ez-toc-counter ez-toc-grey ez-toc-container-direction\">\n<div class=\"ez-toc-title-container\">\n<p class=\"ez-toc-title\" style=\"cursor:inherit\">\u00cdndice de contenido<\/p>\n<span class=\"ez-toc-title-toggle\"><a href=\"#\" class=\"ez-toc-pull-right ez-toc-btn ez-toc-btn-xs ez-toc-btn-default ez-toc-toggle\" aria-label=\"Alternar tabla de contenidos\"><span class=\"ez-toc-js-icon-con\"><span class=\"\"><span class=\"eztoc-hide\" style=\"display:none;\">Toggle<\/span><span class=\"ez-toc-icon-toggle-span\"><svg style=\"fill: #999;color:#999\" xmlns=\"http:\/\/www.w3.org\/2000\/svg\" class=\"list-377408\" width=\"20px\" height=\"20px\" viewBox=\"0 0 24 24\" fill=\"none\"><path d=\"M6 6H4v2h2V6zm14 0H8v2h12V6zM4 11h2v2H4v-2zm16 0H8v2h12v-2zM4 16h2v2H4v-2zm16 0H8v2h12v-2z\" fill=\"currentColor\"><\/path><\/svg><svg style=\"fill: #999;color:#999\" class=\"arrow-unsorted-368013\" xmlns=\"http:\/\/www.w3.org\/2000\/svg\" width=\"10px\" height=\"10px\" viewBox=\"0 0 24 24\" version=\"1.2\" baseProfile=\"tiny\"><path d=\"M18.2 9.3l-6.2-6.3-6.2 6.3c-.2.2-.3.4-.3.7s.1.5.3.7c.2.2.4.3.7.3h11c.3 0 .5-.1.7-.3.2-.2.3-.5.3-.7s-.1-.5-.3-.7zM5.8 14.7l6.2 6.3 6.2-6.3c.2-.2.3-.5.3-.7s-.1-.5-.3-.7c-.2-.2-.4-.3-.7-.3h-11c-.3 0-.5.1-.7.3-.2.2-.3.5-.3.7s.1.5.3.7z\"\/><\/svg><\/span><\/span><\/span><\/a><\/span><\/div>\n<nav><ul class='ez-toc-list ez-toc-list-level-1 ' ><li class='ez-toc-page-1 ez-toc-heading-level-2'><a class=\"ez-toc-link ez-toc-heading-1\" href=\"https:\/\/www.residenciasarria.com\/blog\/planes-estudiantes-universitarios-merce-2017\/#%C2%BFDe_donde_proviene_la_fiesta_de_La_Merce\" >\u00bfDe d\u00f3nde proviene la fiesta de La Merc\u00e8?<\/a><\/li><li class='ez-toc-page-1 ez-toc-heading-level-2'><a class=\"ez-toc-link ez-toc-heading-2\" href=\"https:\/\/www.residenciasarria.com\/blog\/planes-estudiantes-universitarios-merce-2017\/#%C2%BFCuales_son_los_mejores_planes_para_universitarios_en_La_Merce\" >\u00bfCu\u00e1les son los mejores planes para universitarios en La Merc\u00e8?<\/a><\/li><li class='ez-toc-page-1 ez-toc-heading-level-2'><a class=\"ez-toc-link ez-toc-heading-3\" href=\"https:\/\/www.residenciasarria.com\/blog\/planes-estudiantes-universitarios-merce-2017\/#Disfruta_de_los_conciertos_gratuitos\" >Disfruta de los conciertos gratuitos<\/a><ul class='ez-toc-list-level-3' ><li class='ez-toc-heading-level-3'><a class=\"ez-toc-link ez-toc-heading-4\" href=\"https:\/\/www.residenciasarria.com\/blog\/planes-estudiantes-universitarios-merce-2017\/#Recomendaciones_y_horarios_de_los_principales_conciertos_de_la_Merce_de_manos_de_la_Residencia_Universitaria_Sarria\" >Recomendaciones y horarios de los principales conciertos de la Merc\u00e9, de manos de la Residencia Universitaria Sarri\u00e1<\/a><\/li><\/ul><\/li><li class='ez-toc-page-1 ez-toc-heading-level-2'><a class=\"ez-toc-link ez-toc-heading-5\" href=\"https:\/\/www.residenciasarria.com\/blog\/planes-estudiantes-universitarios-merce-2017\/#No_te_pierdas_los_espectaculos_de_luces\" >No te pierdas los espect\u00e1culos de luces<\/a><\/li><li class='ez-toc-page-1 ez-toc-heading-level-2'><a class=\"ez-toc-link ez-toc-heading-6\" href=\"https:\/\/www.residenciasarria.com\/blog\/planes-estudiantes-universitarios-merce-2017\/#Empapate_de_arte\" >Emp\u00e1pate de arte<\/a><\/li><\/ul><\/nav><\/div>\n<h2><span class=\"ez-toc-section\" id=\"%C2%BFDe_donde_proviene_la_fiesta_de_La_Merce\"><\/span><strong>\u00bfDe d\u00f3nde proviene la fiesta de La Merc\u00e8?<\/strong><span class=\"ez-toc-section-end\"><\/span><\/h2>\n<p>&nbsp;<\/p>\n<p>De acuerdo con la leyenda, la noche del <strong>24 de septiembre de 1218<\/strong> la Virgen se apareci\u00f3 simult\u00e1neamente al rey Jaime I, a San Pedro Nolasco y a San Ram\u00f3n de Penyafort orden\u00e1ndoles crear una orden de monjes cuyo objetivo ser\u00eda la protecci\u00f3n de los cristianos encarcelados por los sarracenos durante las guerras religiosas.<\/p>\n<p>Siglos m\u00e1s tarde, ya en <strong>1687<\/strong>, la ciudad condal sufri\u00f3 una plaga de langostas e implor\u00f3 a la Virgen de la Merc\u00e8 que acabase con ella, nombr\u00e1ndola <strong>patrona de Barcelona<\/strong>. As\u00ed naci\u00f3 una fiesta que cuenta ya con d\u00e9cadas de tradici\u00f3n.<\/p>\n<p><img loading=\"lazy\" decoding=\"async\" class=\"alignnone wp-image-134 \" title=\"El piromusical es uno de los planes para universitarios en La Merc\u00e8 imperdibles\" src=\"https:\/\/www.residenciasarria.com\/blog\/wp-content\/uploads\/2015\/12\/fin-ano-barcelona.jpg\" alt=\"El piromusical es uno de los planes para universitarios en La Merc\u00e8 imperdibles\" width=\"805\" height=\"530\" srcset=\"https:\/\/www.residenciasarria.com\/blog\/wp-content\/uploads\/2015\/12\/fin-ano-barcelona.jpg 670w, https:\/\/www.residenciasarria.com\/blog\/wp-content\/uploads\/2015\/12\/fin-ano-barcelona-300x197.jpg 300w\" sizes=\"auto, (max-width: 805px) 100vw, 805px\" \/><\/p>\n<h2><span class=\"ez-toc-section\" id=\"%C2%BFCuales_son_los_mejores_planes_para_universitarios_en_La_Merce\"><\/span><strong>\u00bfCu\u00e1les son los mejores planes para universitarios en La Merc\u00e8?<\/strong><span class=\"ez-toc-section-end\"><\/span><\/h2>\n<p>&nbsp;<\/p>\n<p>Estos d\u00edas re\u00fanen las <strong>actividades m\u00e1s tradicionales<\/strong> dentro de la cultura catalana as\u00ed que\u00a0 prep\u00e1rate para disfrutar de las\u00a0 <strong>sardanas gerundenses, los castells y los diablos del Camp de Tarragona,<\/strong> entre muchos otros espect\u00e1culos.<\/p>\n<p>Si por algo destaca la Merc\u00e8 es por la cantidad de pasacalles que podr\u00e1s encontrar a lo largo de la ciudad, uno de espect\u00e1culos de calle m\u00e1s antiguos que se conservan a d\u00eda de hoy y que llenan las calles de la ciudad de alegr\u00eda y luz junto a la \u201cfesta del foc\u201d.<\/p>\n<p>\u00bfA\u00fan quieres m\u00e1s? Presta atenci\u00f3n a estos planes que te proponemos.<\/p>\n<p>&nbsp;<\/p>\n<h2><span class=\"ez-toc-section\" id=\"Disfruta_de_los_conciertos_gratuitos\"><\/span><strong>Disfruta de los conciertos gratuitos<\/strong><span class=\"ez-toc-section-end\"><\/span><\/h2>\n<p>&nbsp;<\/p>\n<p>La m\u00fasica es un elemento primordial en toda festividad. Los conciertos gratuitos durante la Merc\u00e8 se llevan a cabo de punta a punta de la ciudad. Lugares como el <strong>parque del Forum, la Plaza Catalu\u00f1a, la Plaza Real o la Antigua f\u00e1brica Estrella Damm<\/strong> albergar\u00e1n las actuaciones gratuitas de m\u00fasicos de la talla de The Kooks, Love of Lesbian, Manu Chao, Manel, Fangoria, Crystal Fighters y otros tantos que han llenado las plazas y calles de Barcelona de buena m\u00fasica a lo largo de todas las ediciones. A espera de confirmarse a\u00fan el cartel de artistas al completo este a\u00f1o (no se suele cerrar hasta pocos d\u00edas antes de la celebraci\u00f3n y siempre hay sorpresas de \u00faltima hora), este a\u00f1o estar\u00e1n artistas de la talla de\u00a0<strong>\u00d3l\u00f6f Arnalds, Samaris o Emmsj\u00e9 Gauti (<\/strong>provenientes de Reikjavic, ciudad invitada este a\u00f1o<strong>)<\/strong>\u00a0entre muchos otros.<\/p>\n<p>Adem\u00e1s como ya es tradici\u00f3n <strong>La Orquestra Simf\u00f2nica de Barcelona i Nacional de Catalunya <\/strong>se unir\u00e1 un a\u00f1o m\u00e1s al elenco de artistas.<\/p>\n<p>&nbsp;<\/p>\n<h3><span class=\"ez-toc-section\" id=\"Recomendaciones_y_horarios_de_los_principales_conciertos_de_la_Merce_de_manos_de_la_Residencia_Universitaria_Sarria\"><\/span>Recomendaciones y horarios de los principales conciertos de la Merc\u00e9, de manos de la Residencia Universitaria Sarri\u00e1<span class=\"ez-toc-section-end\"><\/span><\/h3>\n<p>&nbsp;<\/p>\n<p>Puedes encontrar detallados los m\u00e1s de cien conciertos que se despliegan del 22 al 24 de septiembre por toda la ciudad de Barcelona en la <a href=\"http:\/\/lameva.barcelona.cat\/merce\/es\/\">web dedicada a las Festas de la Merc\u00e8<\/a>, pero por curiosos, multitudinarios o imprescindibles, queremos destacar desde la Residencia Universitaria Sarri\u00e0\u00a0los siguientes:<\/p>\n<ul>\n<li><strong>Parellop, Rosana y Gossos:<\/strong> es un cl\u00e1sico de la Merc\u00e9 que las principales cadenas de radio patrocinadoras desplieguen en la Avenida Maria Cristina (Font M\u00e0gica) un minifestival cada noche con varios artistas de renombre. El viernes 22 es el turno de Cadena 100 con la cantautora canaria Rosana como principal reclamo.<\/li>\n<li><strong>Ciclo cultura Mod:<\/strong> en el escenario del Moll de la Fuesta se ha desplegado un programa de conciertos que homenajean la cultura Mod que nos trajo hace m\u00e1s de 40 a\u00f1os a los Who, las Doc Martens y otros iconos a\u00fan presentes en la cultura popular. Ser\u00e1 el viernes 22 a partir de las 22.00 h.<\/li>\n<li><strong>Coriol\u00e0, Rosa L\u00f3pez, Lorena G\u00f3mez, Brian Cross, Antonio Carmona (Ketama) y Efecto Pasillo entre otros<\/strong>: el s\u00e1bado 23 es el turno conjunto de Europa FM y Cadena Dial para animar la fiesta junto a las fuentes de Montju\u00efc, con un cartel de lo m\u00e1s variado que asegura una noche bien movida.<\/li>\n<li><strong>Manel, Txarango, Joan Miquel Oliver (Ant\u00f2nia Font) y Mishima:<\/strong> uno de los patrocinadores m\u00e1s conocidos de las fiestas, refuerza su apuesta por el escenario que desde hace apenas 3 a\u00f1os despliega junto al mar, en la emblem\u00e1tica playa de Bogatell. El s\u00e1bado 23 a las 21.30 veremos a dos\u00a0de los grupos cabecera del nuevo indie-rock en catal\u00e0, la rumba m\u00e1s canalla y uno de los mejores representantes de la m\u00fasica de autor en este idioma.<\/li>\n<li><strong>Rapsusklei &amp; L.U.C. Feat. Taller de M\u00fasics Barcelona &amp; Brass Orchestra AGH Kracow:<\/strong> el festival BAM (Barcelona Acci\u00f3 Musical) es el referente indie y cultural de los conciertos de la Merc\u00e9. Durante los 4 d\u00edas que dura la fiesta despliega por varios escenarios nombres de primer nivel en el circuito de m\u00fasicas del mundo y nuevos sonidos. El s\u00e1bado 23 podremos ver a este singular conjunto de rap y m\u00fasica orquestal en la Rambla del Raval a partir de las 23.00 h.<\/li>\n<li><strong>Los Manolos:<\/strong> no nos debemos olvidar que en esta edici\u00f3n de La Merc\u00e8 tambi\u00e9n se celebran los 25 a\u00f1os de las Olimpiadas. El evento que puso a Barcelona en el mapa mundial de ciudades punteras. Por ello, desde el Moll de la Fusta se reune el s\u00e1bado 23 al grupo de rumba catalana que mejor ambient\u00f3 la fiesta ol\u00edmpica y que puso banda sonora al evento con su inolvidable \u00abAmigos para Siempre\u00bb.<\/li>\n<li><strong>Orquesta y coros del Gran Teatre del Liceu:<\/strong> el emblema de la escena teatral y oper\u00edstica de Barcelona ha redoblado sus esfuerzos los \u00faltimos a\u00f1os por acercar al gran p\u00fablico sus eventos. Dentro de esta activa campa\u00f1a, se presentar\u00e1 en el Parc Central de Nou Barris el domingo 24 a las 21.00 h. Una ocasi\u00f3n perfecta para disfrutar de buena m\u00fasica y de un entorno que suele pasar desapercibido pero que no deja indiferente a nadie.<\/li>\n<li><strong>Bipolar, Sidonie, Leiva y DJ Los40:<\/strong> el domingo 24 llega el turno de ocupar el escenario de Maria Cristina a los grupos congregados por la popular cadena de radio Los40, con el ex Pereza como principal reclamo.<\/li>\n<li><strong>Rosal\u00eda &amp; Ra\u00fcl Refree:<\/strong> dos de los principales cantautores de flamenco conceptual se dan cita en el escenario frente a la catedral. Una cita imprescindible cuyos sonidos y ra\u00edces con total seguridad te sorprender\u00e1.<\/li>\n<li><strong>Sopa de Cabra y \u00a1Rumberos, suban al escenario!:<\/strong> el ya emblem\u00e1tico escenario Mediterr\u00e0niament! de Bogatell ver\u00e1 el domingo 24 a partir de las 21.00 un concierto muy especial para la rumba y el rock en catal\u00e1n, con el que quiz\u00e1s ha sido el grupo m\u00e1s representativo del movimiento desde los a\u00f1os 80 y con un combo de artistas que nuevamente homenajear\u00e1n al ambiente rumbero del 92. Entre estos artistas encontramos a miembros de la Pegatina, Gertrudis, los Amaya y Sabor de Gr\u00e0cia entre otros.<\/li>\n<li><strong>Amparanoia:<\/strong> el F\u00f2rum es uno de los espacios que mayor cabida da a los que quieren disfrutar de la buena m\u00fasica, que el domingo viene a manos del rock alternativo mezclado con ra\u00edces reggae de la granadina Amparanoia, cuyas presentaciones en directo aseguran m\u00e1s que buen rollo.<\/li>\n<li><strong>Tildo Muxart, La Casa Azul y Doctor Prats:<\/strong> los ciclos de radiof\u00f3rmula en la avenida Mar\u00eda Cristina se cierran el lunes 24 justo antes del piromusical a partir de las 18.00 h. La mejor forma de cerrar las fiestas a buen ritmo.<\/li>\n<\/ul>\n<p>&nbsp;<\/p>\n<p style=\"text-align: center;\"><iframe loading=\"lazy\" src=\"https:\/\/www.youtube.com\/embed\/1EJYTvhBcaY\" width=\"560\" height=\"315\" frameborder=\"0\" allowfullscreen=\"allowfullscreen\"><\/iframe><\/p>\n<h2><\/h2>\n<h2><span class=\"ez-toc-section\" id=\"No_te_pierdas_los_espectaculos_de_luces\"><\/span><strong>No te pierdas los espect\u00e1culos de luces<\/strong><span class=\"ez-toc-section-end\"><\/span><\/h2>\n<p>&nbsp;<\/p>\n<p>Sin duda junto a la m\u00fasica, la luz es otra de las grandes protagonistas en estas fiestas. Si te gusta el <strong>mapping<\/strong> ( proyecciones 3D sobre edificios) no olvides pasarte por la <strong>Pla\u00e7a Sant Jaume <\/strong>donde disfrutar\u00e1s de aut\u00e9nticas obras de arte.<\/p>\n<p>La fuente de <strong>Montju\u00efc<\/strong> se viste de gala en esta ocasi\u00f3n para el acto de cierre de las fiestas con un evento que suma, a su ya tradicional espect\u00e1culo de agua y luces, incre\u00edbles <strong>fuegos artificiales en su imperdible piromusical<\/strong> que cierra las fiestas.<\/p>\n<p>Y si no quieres esperar al \u00faltimo d\u00eda para disfrutar del fuego y las luces que trae el Piromusical, tienes dos eventos imprescindibles: el gran correfoc que se celebra con espectacularidad en la V\u00eda Laietana y que comienza con la apertura de \u00abla porta de l&#8217;infern\u00bb, y durante el s\u00e1bado 23 y domingo 24 la XX Edici\u00f3n del festival pirot\u00e9cnico internacional en la playa de la Barceloneta.<\/p>\n<p>&nbsp;<\/p>\n<div id=\"attachment_759\" style=\"width: 880px\" class=\"wp-caption alignnone\"><img loading=\"lazy\" decoding=\"async\" aria-describedby=\"caption-attachment-759\" class=\"wp-image-759 size-full\" title=\"Cartel de la Merc\u00e9 2017, dise\u00f1ado por Javier Mariscal, autor de la mascota de las Olimpiadas de 1992, Cobi.\" src=\"https:\/\/www.residenciasarria.com\/blog\/wp-content\/uploads\/2017\/09\/Cartel-Merce2017.jpg\" alt=\"Cartel de la Merc\u00e9 2017, dise\u00f1ado por Javier Mariscal, autor de la mascota de las Olimpiadas de 1992, Cobi.\" width=\"870\" height=\"1230\" srcset=\"https:\/\/www.residenciasarria.com\/blog\/wp-content\/uploads\/2017\/09\/Cartel-Merce2017.jpg 870w, https:\/\/www.residenciasarria.com\/blog\/wp-content\/uploads\/2017\/09\/Cartel-Merce2017-212x300.jpg 212w, https:\/\/www.residenciasarria.com\/blog\/wp-content\/uploads\/2017\/09\/Cartel-Merce2017-768x1086.jpg 768w, https:\/\/www.residenciasarria.com\/blog\/wp-content\/uploads\/2017\/09\/Cartel-Merce2017-724x1024.jpg 724w\" sizes=\"auto, (max-width: 870px) 100vw, 870px\" \/><p id=\"caption-attachment-759\" class=\"wp-caption-text\">Autor del cartel de la edici\u00f3n 2017: Javier Mariscal. Fuente: lameva.barcelona.cat<\/p><\/div>\n<h2><\/h2>\n<h2><span class=\"ez-toc-section\" id=\"Empapate_de_arte\"><\/span><strong>Emp\u00e1pate de arte<\/strong><span class=\"ez-toc-section-end\"><\/span><\/h2>\n<p>&nbsp;<\/p>\n<p>Es hora de dejar la pereza y aprovechar tu estancia en una <a href=\"https:\/\/www.residenciasarria.com\">residencia universitaria<\/a> para disfrutar de todos los museos de Barcelona que se unen a\u00f1o tras a\u00f1o a la fiesta de la Merc\u00e8 programando <strong>jornadas de puertas abiertas.<\/strong><\/p>\n<p>Algunos de los edificios m\u00e1s conocidos de la ciudad y que normalmente restringen las visitas de turistas, como el ayuntamiento de Barcelona, abren sus puertas a todos los ciudadanos que quieran visitarlo.<\/p>\n<p>Apunta en tu agenda la semana del <strong>22 al 25 de septiembre<\/strong> y prep\u00e1rate para disfrutar de tu <a href=\"https:\/\/www.residenciasarria.com\/es\/servicios\/\"><strong>residencia en Barcelona<\/strong> y todos sus servicios<\/a> envolvi\u00e9ndote en la cultura catalana y en las decenas de actividades para todos los p\u00fablicos que esta ciudad tiene que ofrecerte.<\/p>\n<p>&nbsp;<\/p>\n<p><a href=\"https:\/\/www.residenciasarria.com\/es\/contactar\/\"><img loading=\"lazy\" decoding=\"async\" class=\"alignnone wp-image-180 size-full\" title=\"Contactar con la Residencia Universitaria Sarri\u00e0\" src=\"https:\/\/www.residenciasarria.com\/blog\/wp-content\/uploads\/2016\/01\/residencia-sarria-contactar.jpg\" alt=\"Contactar con la Residencia Universitaria Sarri\u00e0\" width=\"795\" height=\"150\" srcset=\"https:\/\/www.residenciasarria.com\/blog\/wp-content\/uploads\/2016\/01\/residencia-sarria-contactar.jpg 795w, https:\/\/www.residenciasarria.com\/blog\/wp-content\/uploads\/2016\/01\/residencia-sarria-contactar-300x57.jpg 300w, https:\/\/www.residenciasarria.com\/blog\/wp-content\/uploads\/2016\/01\/residencia-sarria-contactar-768x145.jpg 768w\" sizes=\"auto, (max-width: 795px) 100vw, 795px\" \/><\/a><\/p>\n\n\n<div class=\"kk-star-ratings kksr-auto kksr-align-right kksr-valign-bottom\"\n    data-payload='{&quot;align&quot;:&quot;right&quot;,&quot;id&quot;:&quot;758&quot;,&quot;slug&quot;:&quot;default&quot;,&quot;valign&quot;:&quot;bottom&quot;,&quot;ignore&quot;:&quot;&quot;,&quot;reference&quot;:&quot;auto&quot;,&quot;class&quot;:&quot;&quot;,&quot;count&quot;:&quot;3&quot;,&quot;legendonly&quot;:&quot;&quot;,&quot;readonly&quot;:&quot;&quot;,&quot;score&quot;:&quot;5&quot;,&quot;starsonly&quot;:&quot;&quot;,&quot;best&quot;:&quot;5&quot;,&quot;gap&quot;:&quot;5&quot;,&quot;greet&quot;:&quot;Rate this post&quot;,&quot;legend&quot;:&quot;5\\\/5 - (3 votos)&quot;,&quot;size&quot;:&quot;24&quot;,&quot;title&quot;:&quot;Los mejores planes para estudiantes universitarios por La Merc\u00e8 2017&quot;,&quot;width&quot;:&quot;142.5&quot;,&quot;_legend&quot;:&quot;{score}\\\/{best} - ({count} {votes})&quot;,&quot;font_factor&quot;:&quot;1.25&quot;}'>\n            \n<div class=\"kksr-stars\">\n    \n<div class=\"kksr-stars-inactive\">\n            <div class=\"kksr-star\" data-star=\"1\" style=\"padding-right: 5px\">\n            \n\n<div class=\"kksr-icon\" style=\"width: 24px; height: 24px;\"><\/div>\n        <\/div>\n            <div class=\"kksr-star\" data-star=\"2\" style=\"padding-right: 5px\">\n            \n\n<div class=\"kksr-icon\" style=\"width: 24px; height: 24px;\"><\/div>\n        <\/div>\n            <div class=\"kksr-star\" data-star=\"3\" style=\"padding-right: 5px\">\n            \n\n<div class=\"kksr-icon\" style=\"width: 24px; height: 24px;\"><\/div>\n        <\/div>\n            <div class=\"kksr-star\" data-star=\"4\" style=\"padding-right: 5px\">\n            \n\n<div class=\"kksr-icon\" style=\"width: 24px; height: 24px;\"><\/div>\n        <\/div>\n            <div class=\"kksr-star\" data-star=\"5\" style=\"padding-right: 5px\">\n            \n\n<div class=\"kksr-icon\" style=\"width: 24px; height: 24px;\"><\/div>\n        <\/div>\n    <\/div>\n    \n<div class=\"kksr-stars-active\" style=\"width: 142.5px;\">\n            <div class=\"kksr-star\" style=\"padding-right: 5px\">\n            \n\n<div class=\"kksr-icon\" style=\"width: 24px; height: 24px;\"><\/div>\n        <\/div>\n            <div class=\"kksr-star\" style=\"padding-right: 5px\">\n            \n\n<div class=\"kksr-icon\" style=\"width: 24px; height: 24px;\"><\/div>\n        <\/div>\n            <div class=\"kksr-star\" style=\"padding-right: 5px\">\n            \n\n<div class=\"kksr-icon\" style=\"width: 24px; height: 24px;\"><\/div>\n        <\/div>\n            <div class=\"kksr-star\" style=\"padding-right: 5px\">\n            \n\n<div class=\"kksr-icon\" style=\"width: 24px; height: 24px;\"><\/div>\n        <\/div>\n            <div class=\"kksr-star\" style=\"padding-right: 5px\">\n            \n\n<div class=\"kksr-icon\" style=\"width: 24px; height: 24px;\"><\/div>\n        <\/div>\n    <\/div>\n<\/div>\n                \n\n<div class=\"kksr-legend\" style=\"font-size: 19.2px;\">\n            5\/5 - (3 votos)    <\/div>\n    <\/div>\n","protected":false},"excerpt":{"rendered":"<p>Llega Septiembre y con \u00e9l una de las festividades m\u00e1s apreciadas por los barceloneses. La fiesta de la Merc\u00e8 es la mejor manera de decir adi\u00f3s al verano y afrontar con energ\u00eda el pistoletazo de salida del curso universitario. Si eres nuevo en Barcelona, o si a\u00fan no has tenido la ocasi\u00f3n de disfrutar de [&hellip;]<\/p>\n","protected":false},"author":1,"featured_media":759,"comment_status":"closed","ping_status":"open","sticky":false,"template":"","format":"standard","meta":{"_et_pb_use_builder":"","_et_pb_old_content":"","_et_gb_content_width":"","footnotes":""},"categories":[4],"tags":[],"class_list":["post-758","post","type-post","status-publish","format-standard","has-post-thumbnail","hentry","category-residir-en-barcelona"],"yoast_head":"<!-- This site is optimized with the Yoast SEO plugin v23.9 - https:\/\/yoast.com\/wordpress\/plugins\/seo\/ -->\n<title>Los mejores planes para universitarios en la Merc\u00e9 2017<\/title>\n<meta name=\"description\" content=\"Los mejores conciertos, arte y cultura para aprovechar las fiestas de Barcelona repletas de planes para universitarios en la Merc\u00e8 2017\" \/>\n<meta name=\"robots\" content=\"index, follow, max-snippet:-1, max-image-preview:large, max-video-preview:-1\" \/>\n<link rel=\"canonical\" href=\"https:\/\/www.residenciasarria.com\/blog\/planes-estudiantes-universitarios-merce-2017\/\" \/>\n<meta property=\"og:locale\" content=\"es_ES\" \/>\n<meta property=\"og:type\" content=\"article\" \/>\n<meta property=\"og:title\" content=\"Los mejores planes para universitarios en la Merc\u00e9 2017\" \/>\n<meta property=\"og:description\" content=\"Los mejores conciertos, arte y cultura para aprovechar las fiestas de Barcelona repletas de planes para universitarios en la Merc\u00e8 2017\" \/>\n<meta property=\"og:url\" content=\"https:\/\/www.residenciasarria.com\/blog\/planes-estudiantes-universitarios-merce-2017\/\" \/>\n<meta property=\"og:site_name\" content=\"Residencia Universitaria Sarri\u00e0\" \/>\n<meta property=\"article:publisher\" content=\"http:\/\/www.facebook.com\/residenciasarria\" \/>\n<meta property=\"article:published_time\" content=\"2017-09-06T08:33:09+00:00\" \/>\n<meta property=\"article:modified_time\" content=\"2017-09-08T10:53:12+00:00\" \/>\n<meta property=\"og:image\" content=\"https:\/\/www.residenciasarria.com\/blog\/wp-content\/uploads\/2017\/09\/Cartel-Merce2017.jpg\" \/>\n\t<meta property=\"og:image:width\" content=\"870\" \/>\n\t<meta property=\"og:image:height\" content=\"1230\" \/>\n\t<meta property=\"og:image:type\" content=\"image\/jpeg\" \/>\n<meta name=\"author\" content=\"Residencia Universitaria Sarri\u00e0\" \/>\n<meta name=\"twitter:card\" content=\"summary_large_image\" \/>\n<meta name=\"twitter:creator\" content=\"@ResiSarria\" \/>\n<meta name=\"twitter:site\" content=\"@ResiSarria\" \/>\n<meta name=\"twitter:label1\" content=\"Escrito por\" \/>\n\t<meta name=\"twitter:data1\" content=\"Residencia Universitaria Sarri\u00e0\" \/>\n\t<meta name=\"twitter:label2\" content=\"Tiempo de lectura\" \/>\n\t<meta name=\"twitter:data2\" content=\"8 minutos\" \/>\n<script type=\"application\/ld+json\" class=\"yoast-schema-graph\">{\"@context\":\"https:\/\/schema.org\",\"@graph\":[{\"@type\":\"Article\",\"@id\":\"https:\/\/www.residenciasarria.com\/blog\/planes-estudiantes-universitarios-merce-2017\/#article\",\"isPartOf\":{\"@id\":\"https:\/\/www.residenciasarria.com\/blog\/planes-estudiantes-universitarios-merce-2017\/\"},\"author\":{\"name\":\"Residencia Universitaria Sarri\u00e0\",\"@id\":\"https:\/\/www.residenciasarria.com\/blog\/#\/schema\/person\/24647b7029df760ee1abd1ccc2dde0e2\"},\"headline\":\"Los mejores planes para estudiantes universitarios por La Merc\u00e8 2017\",\"datePublished\":\"2017-09-06T08:33:09+00:00\",\"dateModified\":\"2017-09-08T10:53:12+00:00\",\"mainEntityOfPage\":{\"@id\":\"https:\/\/www.residenciasarria.com\/blog\/planes-estudiantes-universitarios-merce-2017\/\"},\"wordCount\":1647,\"publisher\":{\"@id\":\"https:\/\/www.residenciasarria.com\/blog\/#organization\"},\"image\":{\"@id\":\"https:\/\/www.residenciasarria.com\/blog\/planes-estudiantes-universitarios-merce-2017\/#primaryimage\"},\"thumbnailUrl\":\"https:\/\/www.residenciasarria.com\/blog\/wp-content\/uploads\/2017\/09\/Cartel-Merce2017.jpg\",\"articleSection\":[\"Residir en Barcelona\"],\"inLanguage\":\"es\"},{\"@type\":\"WebPage\",\"@id\":\"https:\/\/www.residenciasarria.com\/blog\/planes-estudiantes-universitarios-merce-2017\/\",\"url\":\"https:\/\/www.residenciasarria.com\/blog\/planes-estudiantes-universitarios-merce-2017\/\",\"name\":\"Los mejores planes para universitarios en la Merc\u00e9 2017\",\"isPartOf\":{\"@id\":\"https:\/\/www.residenciasarria.com\/blog\/#website\"},\"primaryImageOfPage\":{\"@id\":\"https:\/\/www.residenciasarria.com\/blog\/planes-estudiantes-universitarios-merce-2017\/#primaryimage\"},\"image\":{\"@id\":\"https:\/\/www.residenciasarria.com\/blog\/planes-estudiantes-universitarios-merce-2017\/#primaryimage\"},\"thumbnailUrl\":\"https:\/\/www.residenciasarria.com\/blog\/wp-content\/uploads\/2017\/09\/Cartel-Merce2017.jpg\",\"datePublished\":\"2017-09-06T08:33:09+00:00\",\"dateModified\":\"2017-09-08T10:53:12+00:00\",\"description\":\"Los mejores conciertos, arte y cultura para aprovechar las fiestas de Barcelona repletas de planes para universitarios en la Merc\u00e8 2017\",\"breadcrumb\":{\"@id\":\"https:\/\/www.residenciasarria.com\/blog\/planes-estudiantes-universitarios-merce-2017\/#breadcrumb\"},\"inLanguage\":\"es\",\"potentialAction\":[{\"@type\":\"ReadAction\",\"target\":[\"https:\/\/www.residenciasarria.com\/blog\/planes-estudiantes-universitarios-merce-2017\/\"]}]},{\"@type\":\"ImageObject\",\"inLanguage\":\"es\",\"@id\":\"https:\/\/www.residenciasarria.com\/blog\/planes-estudiantes-universitarios-merce-2017\/#primaryimage\",\"url\":\"https:\/\/www.residenciasarria.com\/blog\/wp-content\/uploads\/2017\/09\/Cartel-Merce2017.jpg\",\"contentUrl\":\"https:\/\/www.residenciasarria.com\/blog\/wp-content\/uploads\/2017\/09\/Cartel-Merce2017.jpg\",\"width\":870,\"height\":1230},{\"@type\":\"BreadcrumbList\",\"@id\":\"https:\/\/www.residenciasarria.com\/blog\/planes-estudiantes-universitarios-merce-2017\/#breadcrumb\",\"itemListElement\":[{\"@type\":\"ListItem\",\"position\":1,\"name\":\"Portada\",\"item\":\"https:\/\/www.residenciasarria.com\/blog\/\"},{\"@type\":\"ListItem\",\"position\":2,\"name\":\"Los mejores planes para estudiantes universitarios por La Merc\u00e8 2017\"}]},{\"@type\":\"WebSite\",\"@id\":\"https:\/\/www.residenciasarria.com\/blog\/#website\",\"url\":\"https:\/\/www.residenciasarria.com\/blog\/\",\"name\":\"Residencia Universitaria Sarri\u00e0\",\"description\":\"La Residencia Universitaria Sarri\u00e0 es un espacio donde el estudio y el desarrollo personal son una prioridad.\",\"publisher\":{\"@id\":\"https:\/\/www.residenciasarria.com\/blog\/#organization\"},\"alternateName\":\"RUS\",\"potentialAction\":[{\"@type\":\"SearchAction\",\"target\":{\"@type\":\"EntryPoint\",\"urlTemplate\":\"https:\/\/www.residenciasarria.com\/blog\/?s={search_term_string}\"},\"query-input\":{\"@type\":\"PropertyValueSpecification\",\"valueRequired\":true,\"valueName\":\"search_term_string\"}}],\"inLanguage\":\"es\"},{\"@type\":\"Organization\",\"@id\":\"https:\/\/www.residenciasarria.com\/blog\/#organization\",\"name\":\"Residencia Universitaria Sarri\u00e0\",\"alternateName\":\"RUS\",\"url\":\"https:\/\/www.residenciasarria.com\/blog\/\",\"logo\":{\"@type\":\"ImageObject\",\"inLanguage\":\"es\",\"@id\":\"https:\/\/www.residenciasarria.com\/blog\/#\/schema\/logo\/image\/\",\"url\":\"https:\/\/www.residenciasarria.com\/blog\/wp-content\/uploads\/2024\/11\/RUS.png\",\"contentUrl\":\"https:\/\/www.residenciasarria.com\/blog\/wp-content\/uploads\/2024\/11\/RUS.png\",\"width\":512,\"height\":512,\"caption\":\"Residencia Universitaria Sarri\u00e0\"},\"image\":{\"@id\":\"https:\/\/www.residenciasarria.com\/blog\/#\/schema\/logo\/image\/\"},\"sameAs\":[\"http:\/\/www.facebook.com\/residenciasarria\",\"https:\/\/x.com\/ResiSarria\",\"https:\/\/www.youtube.com\/user\/RUSarria\"]},{\"@type\":\"Person\",\"@id\":\"https:\/\/www.residenciasarria.com\/blog\/#\/schema\/person\/24647b7029df760ee1abd1ccc2dde0e2\",\"name\":\"Residencia Universitaria Sarri\u00e0\",\"image\":{\"@type\":\"ImageObject\",\"inLanguage\":\"es\",\"@id\":\"https:\/\/www.residenciasarria.com\/blog\/#\/schema\/person\/image\/\",\"url\":\"https:\/\/secure.gravatar.com\/avatar\/7d4a5f12882eafda372a75ec36ce1153?s=96&d=mm&r=g\",\"contentUrl\":\"https:\/\/secure.gravatar.com\/avatar\/7d4a5f12882eafda372a75ec36ce1153?s=96&d=mm&r=g\",\"caption\":\"Residencia Universitaria Sarri\u00e0\"},\"url\":\"https:\/\/www.residenciasarria.com\/blog\/author\/moon\/\"}]}<\/script>\n<!-- \/ Yoast SEO plugin. -->","yoast_head_json":{"title":"Los mejores planes para universitarios en la Merc\u00e9 2017","description":"Los mejores conciertos, arte y cultura para aprovechar las fiestas de Barcelona repletas de planes para universitarios en la Merc\u00e8 2017","robots":{"index":"index","follow":"follow","max-snippet":"max-snippet:-1","max-image-preview":"max-image-preview:large","max-video-preview":"max-video-preview:-1"},"canonical":"https:\/\/www.residenciasarria.com\/blog\/planes-estudiantes-universitarios-merce-2017\/","og_locale":"es_ES","og_type":"article","og_title":"Los mejores planes para universitarios en la Merc\u00e9 2017","og_description":"Los mejores conciertos, arte y cultura para aprovechar las fiestas de Barcelona repletas de planes para universitarios en la Merc\u00e8 2017","og_url":"https:\/\/www.residenciasarria.com\/blog\/planes-estudiantes-universitarios-merce-2017\/","og_site_name":"Residencia Universitaria Sarri\u00e0","article_publisher":"http:\/\/www.facebook.com\/residenciasarria","article_published_time":"2017-09-06T08:33:09+00:00","article_modified_time":"2017-09-08T10:53:12+00:00","og_image":[{"width":870,"height":1230,"url":"https:\/\/www.residenciasarria.com\/blog\/wp-content\/uploads\/2017\/09\/Cartel-Merce2017.jpg","type":"image\/jpeg"}],"author":"Residencia Universitaria Sarri\u00e0","twitter_card":"summary_large_image","twitter_creator":"@ResiSarria","twitter_site":"@ResiSarria","twitter_misc":{"Escrito por":"Residencia Universitaria Sarri\u00e0","Tiempo de lectura":"8 minutos"},"schema":{"@context":"https:\/\/schema.org","@graph":[{"@type":"Article","@id":"https:\/\/www.residenciasarria.com\/blog\/planes-estudiantes-universitarios-merce-2017\/#article","isPartOf":{"@id":"https:\/\/www.residenciasarria.com\/blog\/planes-estudiantes-universitarios-merce-2017\/"},"author":{"name":"Residencia Universitaria Sarri\u00e0","@id":"https:\/\/www.residenciasarria.com\/blog\/#\/schema\/person\/24647b7029df760ee1abd1ccc2dde0e2"},"headline":"Los mejores planes para estudiantes universitarios por La Merc\u00e8 2017","datePublished":"2017-09-06T08:33:09+00:00","dateModified":"2017-09-08T10:53:12+00:00","mainEntityOfPage":{"@id":"https:\/\/www.residenciasarria.com\/blog\/planes-estudiantes-universitarios-merce-2017\/"},"wordCount":1647,"publisher":{"@id":"https:\/\/www.residenciasarria.com\/blog\/#organization"},"image":{"@id":"https:\/\/www.residenciasarria.com\/blog\/planes-estudiantes-universitarios-merce-2017\/#primaryimage"},"thumbnailUrl":"https:\/\/www.residenciasarria.com\/blog\/wp-content\/uploads\/2017\/09\/Cartel-Merce2017.jpg","articleSection":["Residir en Barcelona"],"inLanguage":"es"},{"@type":"WebPage","@id":"https:\/\/www.residenciasarria.com\/blog\/planes-estudiantes-universitarios-merce-2017\/","url":"https:\/\/www.residenciasarria.com\/blog\/planes-estudiantes-universitarios-merce-2017\/","name":"Los mejores planes para universitarios en la Merc\u00e9 2017","isPartOf":{"@id":"https:\/\/www.residenciasarria.com\/blog\/#website"},"primaryImageOfPage":{"@id":"https:\/\/www.residenciasarria.com\/blog\/planes-estudiantes-universitarios-merce-2017\/#primaryimage"},"image":{"@id":"https:\/\/www.residenciasarria.com\/blog\/planes-estudiantes-universitarios-merce-2017\/#primaryimage"},"thumbnailUrl":"https:\/\/www.residenciasarria.com\/blog\/wp-content\/uploads\/2017\/09\/Cartel-Merce2017.jpg","datePublished":"2017-09-06T08:33:09+00:00","dateModified":"2017-09-08T10:53:12+00:00","description":"Los mejores conciertos, arte y cultura para aprovechar las fiestas de Barcelona repletas de planes para universitarios en la Merc\u00e8 2017","breadcrumb":{"@id":"https:\/\/www.residenciasarria.com\/blog\/planes-estudiantes-universitarios-merce-2017\/#breadcrumb"},"inLanguage":"es","potentialAction":[{"@type":"ReadAction","target":["https:\/\/www.residenciasarria.com\/blog\/planes-estudiantes-universitarios-merce-2017\/"]}]},{"@type":"ImageObject","inLanguage":"es","@id":"https:\/\/www.residenciasarria.com\/blog\/planes-estudiantes-universitarios-merce-2017\/#primaryimage","url":"https:\/\/www.residenciasarria.com\/blog\/wp-content\/uploads\/2017\/09\/Cartel-Merce2017.jpg","contentUrl":"https:\/\/www.residenciasarria.com\/blog\/wp-content\/uploads\/2017\/09\/Cartel-Merce2017.jpg","width":870,"height":1230},{"@type":"BreadcrumbList","@id":"https:\/\/www.residenciasarria.com\/blog\/planes-estudiantes-universitarios-merce-2017\/#breadcrumb","itemListElement":[{"@type":"ListItem","position":1,"name":"Portada","item":"https:\/\/www.residenciasarria.com\/blog\/"},{"@type":"ListItem","position":2,"name":"Los mejores planes para estudiantes universitarios por La Merc\u00e8 2017"}]},{"@type":"WebSite","@id":"https:\/\/www.residenciasarria.com\/blog\/#website","url":"https:\/\/www.residenciasarria.com\/blog\/","name":"Residencia Universitaria Sarri\u00e0","description":"La Residencia Universitaria Sarri\u00e0 es un espacio donde el estudio y el desarrollo personal son una prioridad.","publisher":{"@id":"https:\/\/www.residenciasarria.com\/blog\/#organization"},"alternateName":"RUS","potentialAction":[{"@type":"SearchAction","target":{"@type":"EntryPoint","urlTemplate":"https:\/\/www.residenciasarria.com\/blog\/?s={search_term_string}"},"query-input":{"@type":"PropertyValueSpecification","valueRequired":true,"valueName":"search_term_string"}}],"inLanguage":"es"},{"@type":"Organization","@id":"https:\/\/www.residenciasarria.com\/blog\/#organization","name":"Residencia Universitaria Sarri\u00e0","alternateName":"RUS","url":"https:\/\/www.residenciasarria.com\/blog\/","logo":{"@type":"ImageObject","inLanguage":"es","@id":"https:\/\/www.residenciasarria.com\/blog\/#\/schema\/logo\/image\/","url":"https:\/\/www.residenciasarria.com\/blog\/wp-content\/uploads\/2024\/11\/RUS.png","contentUrl":"https:\/\/www.residenciasarria.com\/blog\/wp-content\/uploads\/2024\/11\/RUS.png","width":512,"height":512,"caption":"Residencia Universitaria Sarri\u00e0"},"image":{"@id":"https:\/\/www.residenciasarria.com\/blog\/#\/schema\/logo\/image\/"},"sameAs":["http:\/\/www.facebook.com\/residenciasarria","https:\/\/x.com\/ResiSarria","https:\/\/www.youtube.com\/user\/RUSarria"]},{"@type":"Person","@id":"https:\/\/www.residenciasarria.com\/blog\/#\/schema\/person\/24647b7029df760ee1abd1ccc2dde0e2","name":"Residencia Universitaria Sarri\u00e0","image":{"@type":"ImageObject","inLanguage":"es","@id":"https:\/\/www.residenciasarria.com\/blog\/#\/schema\/person\/image\/","url":"https:\/\/secure.gravatar.com\/avatar\/7d4a5f12882eafda372a75ec36ce1153?s=96&d=mm&r=g","contentUrl":"https:\/\/secure.gravatar.com\/avatar\/7d4a5f12882eafda372a75ec36ce1153?s=96&d=mm&r=g","caption":"Residencia Universitaria Sarri\u00e0"},"url":"https:\/\/www.residenciasarria.com\/blog\/author\/moon\/"}]}},"amp_enabled":true,"_links":{"self":[{"href":"https:\/\/www.residenciasarria.com\/blog\/wp-json\/wp\/v2\/posts\/758","targetHints":{"allow":["GET"]}}],"collection":[{"href":"https:\/\/www.residenciasarria.com\/blog\/wp-json\/wp\/v2\/posts"}],"about":[{"href":"https:\/\/www.residenciasarria.com\/blog\/wp-json\/wp\/v2\/types\/post"}],"author":[{"embeddable":true,"href":"https:\/\/www.residenciasarria.com\/blog\/wp-json\/wp\/v2\/users\/1"}],"replies":[{"embeddable":true,"href":"https:\/\/www.residenciasarria.com\/blog\/wp-json\/wp\/v2\/comments?post=758"}],"version-history":[{"count":7,"href":"https:\/\/www.residenciasarria.com\/blog\/wp-json\/wp\/v2\/posts\/758\/revisions"}],"predecessor-version":[{"id":766,"href":"https:\/\/www.residenciasarria.com\/blog\/wp-json\/wp\/v2\/posts\/758\/revisions\/766"}],"wp:featuredmedia":[{"embeddable":true,"href":"https:\/\/www.residenciasarria.com\/blog\/wp-json\/wp\/v2\/media\/759"}],"wp:attachment":[{"href":"https:\/\/www.residenciasarria.com\/blog\/wp-json\/wp\/v2\/media?parent=758"}],"wp:term":[{"taxonomy":"category","embeddable":true,"href":"https:\/\/www.residenciasarria.com\/blog\/wp-json\/wp\/v2\/categories?post=758"},{"taxonomy":"post_tag","embeddable":true,"href":"https:\/\/www.residenciasarria.com\/blog\/wp-json\/wp\/v2\/tags?post=758"}],"curies":[{"name":"wp","href":"https:\/\/api.w.org\/{rel}","templated":true}]}}