{"id":419,"date":"2016-07-08T12:25:54","date_gmt":"2016-07-08T12:25:54","guid":{"rendered":"http:\/\/www.residenciasarria.com\/blog\/?p=419"},"modified":"2016-07-08T12:25:54","modified_gmt":"2016-07-08T12:25:54","slug":"alojamiento-por-dias-residencia","status":"publish","type":"post","link":"https:\/\/www.residenciasarria.com\/blog\/alojamiento-por-dias-residencia\/","title":{"rendered":"Alojamiento por d\u00edas, \u00bfEs una residencia una buena elecci\u00f3n?"},"content":{"rendered":"<p>Ahora que llega el verano nos planteamos otros planes como <strong>realizar cursos, aprender idiomas, reforzar el conocimiento adquirido durante el a\u00f1o acad\u00e9mico<\/strong> etc. de una forma m\u00e1s relajada e incluso l\u00fadica como pudiera ser trasladarnos a otro lugar para empaparnos de su cultura e idioma. Son los casos por ejemplo en los que previo a comenzar el curso lectivo o si somos estudiantes extranjeros, queremos con antelaci\u00f3n dominar la lengua, pero tambi\u00e9n aquellos en los que tan s\u00f3lo estaremos una semana o dos en una ciudad por un curso. \u00bfC\u00f3mo me puede ayudar en todo ello una residencia de estudiantes?<\/p>\n<p><!--more--><\/p>\n<div id=\"ez-toc-container\" class=\"ez-toc-v2_0_81 counter-hierarchy ez-toc-counter ez-toc-grey ez-toc-container-direction\">\n<div class=\"ez-toc-title-container\">\n<p class=\"ez-toc-title\" style=\"cursor:inherit\">\u00cdndice de contenido<\/p>\n<span class=\"ez-toc-title-toggle\"><a href=\"#\" class=\"ez-toc-pull-right ez-toc-btn ez-toc-btn-xs ez-toc-btn-default ez-toc-toggle\" aria-label=\"Alternar tabla de contenidos\"><span class=\"ez-toc-js-icon-con\"><span class=\"\"><span class=\"eztoc-hide\" style=\"display:none;\">Toggle<\/span><span class=\"ez-toc-icon-toggle-span\"><svg style=\"fill: #999;color:#999\" xmlns=\"http:\/\/www.w3.org\/2000\/svg\" class=\"list-377408\" width=\"20px\" height=\"20px\" viewBox=\"0 0 24 24\" fill=\"none\"><path d=\"M6 6H4v2h2V6zm14 0H8v2h12V6zM4 11h2v2H4v-2zm16 0H8v2h12v-2zM4 16h2v2H4v-2zm16 0H8v2h12v-2z\" fill=\"currentColor\"><\/path><\/svg><svg style=\"fill: #999;color:#999\" class=\"arrow-unsorted-368013\" xmlns=\"http:\/\/www.w3.org\/2000\/svg\" width=\"10px\" height=\"10px\" viewBox=\"0 0 24 24\" version=\"1.2\" baseProfile=\"tiny\"><path d=\"M18.2 9.3l-6.2-6.3-6.2 6.3c-.2.2-.3.4-.3.7s.1.5.3.7c.2.2.4.3.7.3h11c.3 0 .5-.1.7-.3.2-.2.3-.5.3-.7s-.1-.5-.3-.7zM5.8 14.7l6.2 6.3 6.2-6.3c.2-.2.3-.5.3-.7s-.1-.5-.3-.7c-.2-.2-.4-.3-.7-.3h-11c-.3 0-.5.1-.7.3-.2.2-.3.5-.3.7s.1.5.3.7z\"\/><\/svg><\/span><\/span><\/span><\/a><\/span><\/div>\n<nav><ul class='ez-toc-list ez-toc-list-level-1 ' ><li class='ez-toc-page-1 ez-toc-heading-level-2'><a class=\"ez-toc-link ez-toc-heading-1\" href=\"https:\/\/www.residenciasarria.com\/blog\/alojamiento-por-dias-residencia\/#Alojamiento_por_dias_la_solucion_flexible\" >Alojamiento por d\u00edas: la soluci\u00f3n flexible<\/a><\/li><li class='ez-toc-page-1 ez-toc-heading-level-2'><a class=\"ez-toc-link ez-toc-heading-2\" href=\"https:\/\/www.residenciasarria.com\/blog\/alojamiento-por-dias-residencia\/#Una_residencia_frente_a_otras_opciones\" >Una residencia frente a otras opciones<\/a><\/li><li class='ez-toc-page-1 ez-toc-heading-level-2'><a class=\"ez-toc-link ez-toc-heading-3\" href=\"https:\/\/www.residenciasarria.com\/blog\/alojamiento-por-dias-residencia\/#Comodidades_que_no_encuentras_en_otras_posibilidades\" >Comodidades que no encuentras en otras posibilidades<\/a><\/li><\/ul><\/nav><\/div>\n<h2><span class=\"ez-toc-section\" id=\"Alojamiento_por_dias_la_solucion_flexible\"><\/span>Alojamiento por d\u00edas: la soluci\u00f3n flexible<span class=\"ez-toc-section-end\"><\/span><\/h2>\n<p>La gran mayor\u00eda de las residencias de estudiantes suelen tener calendarios cerrados donde s\u00f3lo nos podemos alojar de un periodo a otro sin posibilidad de <strong>alojarnos d\u00edas, semanas o incluso meses sueltos<\/strong>. Es por ello por lo que desde la Residencia Sarri\u00e1, ofrecemos un <a href=\"https:\/\/www.residenciasarria.com\/es\/tarifas\/\">amplio cat\u00e1logo de tarifas<\/a> donde seg\u00fan disponibilidad se puede decidir el periodo en el que nos queremos alojar, para dar salida a aquellas situaciones en las que, al ser cortas estancias, no nos compensa un periodo universitario completo.<\/p>\n<p>Adem\u00e1s, la Residencia Sarri\u00e1 ofrece <a href=\"https:\/\/www.residenciasarria.com\/es\/noticias\/calendario-de-inscripciones-curso-2016-2017\/_id:1\/\">planes concretos como el Summer Program<\/a>, donde dan todas las facilidades a aquellos alumnos extranjeros que este a\u00f1o vayan a <a href=\"https:\/\/www.residenciasarria.com\/blog\/estudiar-en-barcelona\/\">cursar estudios en Barcelona<\/a> y quieran previamente practicar y <strong>afianzar un nivel b\u00e1sico-medio de espa\u00f1ol.<\/strong><\/p>\n<h2><span class=\"ez-toc-section\" id=\"Una_residencia_frente_a_otras_opciones\"><\/span>Una residencia frente a otras opciones<span class=\"ez-toc-section-end\"><\/span><\/h2>\n<p>Pero, \u00bfpor qu\u00e9 una residencia? Tanto si es para un curso como si es para empaparnos del ambiente universitario que nos esperar\u00e1 en los pr\u00f3ximos meses, <strong>qu\u00e9 mejor forma que vivirlos dentro del ecosistema propio en el que nos vamos a sumergir<\/strong>, donde poder descansar, tener tiempo y \u00e1reas para el estudio, relax y adem\u00e1s unas instalaciones y servicios hechos para disfrutar del verano.<\/p>\n<p>Por otra parte, el tema log\u00edstico y econ\u00f3mico son dos importantes factores: alojamiento por d\u00edas en otras instalaciones puede salir caro o poco rentable, adem\u00e1s de ser poco flexible en temas de check in y check out, y por supuesto debemos descartar otras opciones como la de los apartamentos debido a que los costes adicionales (fianza, gesti\u00f3n etc.) eleva la factura por un servicio que en comparaci\u00f3n resulta b\u00e1sico (sin posibilidad de servicio de cocina, limpieza etc.) y poco flexible (en la mayor\u00eda de las ocasiones os pedir\u00e1n residir m\u00ednimo un mes).<\/p>\n<h2><span class=\"ez-toc-section\" id=\"Comodidades_que_no_encuentras_en_otras_posibilidades\"><\/span>Comodidades que no encuentras en otras posibilidades<span class=\"ez-toc-section-end\"><\/span><\/h2>\n<p>Desde la comodidad de disponer de servicios completos con una \u00fanica cuota como los que permiten <a href=\"https:\/\/www.residenciasarria.com\/blog\/proyecto-15h-libera-15-horas-semanales-para-el-estudio\/\">ahorrar hasta 15 horas a la semana para dedicarlas a otras necesidades<\/a> que en estancias cortas son necesarios al disponer de menos tiempo para disfrutar del entorno por ejemplo; hasta contar con<strong> instalaciones de primera<\/strong> en las que una piscina para el verano no puede faltar, pero tampoco un completo gimnasio, disponibilidad de bicicletas para dar agradables paseos etc. Estos factores definitivamente inclinan la balanza hacia la opci\u00f3n de alojarnos en una residencia como la Residencia Universitaria Sarri\u00e1 por d\u00edas ante cualquier otra opci\u00f3n.<\/p>\n<p><a href=\"https:\/\/www.residenciasarria.com\/es\/inscripcion\/\"><img loading=\"lazy\" decoding=\"async\" class=\"alignnone wp-image-181 size-full\" title=\"Inscripci\u00f3n online en la Residencia Sarri\u00e0. Alojamiento por d\u00edas, meses o estancias universitarias completas\" src=\"https:\/\/www.residenciasarria.com\/blog\/wp-content\/uploads\/2016\/01\/residencia-sarria-inscripcion.jpg\" alt=\"Inscripci\u00f3n online en la Residencia Sarri\u00e0. Alojamiento por d\u00edas, meses o estancias universitarias completas\" width=\"795\" height=\"150\" srcset=\"https:\/\/www.residenciasarria.com\/blog\/wp-content\/uploads\/2016\/01\/residencia-sarria-inscripcion.jpg 795w, https:\/\/www.residenciasarria.com\/blog\/wp-content\/uploads\/2016\/01\/residencia-sarria-inscripcion-300x57.jpg 300w, https:\/\/www.residenciasarria.com\/blog\/wp-content\/uploads\/2016\/01\/residencia-sarria-inscripcion-768x145.jpg 768w\" sizes=\"auto, (max-width: 795px) 100vw, 795px\" \/><\/a><\/p>\n\n\n<div class=\"kk-star-ratings kksr-auto kksr-align-right kksr-valign-bottom\"\n    data-payload='{&quot;align&quot;:&quot;right&quot;,&quot;id&quot;:&quot;419&quot;,&quot;slug&quot;:&quot;default&quot;,&quot;valign&quot;:&quot;bottom&quot;,&quot;ignore&quot;:&quot;&quot;,&quot;reference&quot;:&quot;auto&quot;,&quot;class&quot;:&quot;&quot;,&quot;count&quot;:&quot;2&quot;,&quot;legendonly&quot;:&quot;&quot;,&quot;readonly&quot;:&quot;&quot;,&quot;score&quot;:&quot;5&quot;,&quot;starsonly&quot;:&quot;&quot;,&quot;best&quot;:&quot;5&quot;,&quot;gap&quot;:&quot;5&quot;,&quot;greet&quot;:&quot;Rate this post&quot;,&quot;legend&quot;:&quot;5\\\/5 - (2 votos)&quot;,&quot;size&quot;:&quot;24&quot;,&quot;title&quot;:&quot;Alojamiento por d\u00edas, \u00bfEs una residencia una buena elecci\u00f3n?&quot;,&quot;width&quot;:&quot;142.5&quot;,&quot;_legend&quot;:&quot;{score}\\\/{best} - ({count} {votes})&quot;,&quot;font_factor&quot;:&quot;1.25&quot;}'>\n            \n<div class=\"kksr-stars\">\n    \n<div class=\"kksr-stars-inactive\">\n            <div class=\"kksr-star\" data-star=\"1\" style=\"padding-right: 5px\">\n            \n\n<div class=\"kksr-icon\" style=\"width: 24px; height: 24px;\"><\/div>\n        <\/div>\n            <div class=\"kksr-star\" data-star=\"2\" style=\"padding-right: 5px\">\n            \n\n<div class=\"kksr-icon\" style=\"width: 24px; height: 24px;\"><\/div>\n        <\/div>\n            <div class=\"kksr-star\" data-star=\"3\" style=\"padding-right: 5px\">\n            \n\n<div class=\"kksr-icon\" style=\"width: 24px; height: 24px;\"><\/div>\n        <\/div>\n            <div class=\"kksr-star\" data-star=\"4\" style=\"padding-right: 5px\">\n            \n\n<div class=\"kksr-icon\" style=\"width: 24px; height: 24px;\"><\/div>\n        <\/div>\n            <div class=\"kksr-star\" data-star=\"5\" style=\"padding-right: 5px\">\n            \n\n<div class=\"kksr-icon\" style=\"width: 24px; height: 24px;\"><\/div>\n        <\/div>\n    <\/div>\n    \n<div class=\"kksr-stars-active\" style=\"width: 142.5px;\">\n            <div class=\"kksr-star\" style=\"padding-right: 5px\">\n            \n\n<div class=\"kksr-icon\" style=\"width: 24px; height: 24px;\"><\/div>\n        <\/div>\n            <div class=\"kksr-star\" style=\"padding-right: 5px\">\n            \n\n<div class=\"kksr-icon\" style=\"width: 24px; height: 24px;\"><\/div>\n        <\/div>\n            <div class=\"kksr-star\" style=\"padding-right: 5px\">\n            \n\n<div class=\"kksr-icon\" style=\"width: 24px; height: 24px;\"><\/div>\n        <\/div>\n            <div class=\"kksr-star\" style=\"padding-right: 5px\">\n            \n\n<div class=\"kksr-icon\" style=\"width: 24px; height: 24px;\"><\/div>\n        <\/div>\n            <div class=\"kksr-star\" style=\"padding-right: 5px\">\n            \n\n<div class=\"kksr-icon\" style=\"width: 24px; height: 24px;\"><\/div>\n        <\/div>\n    <\/div>\n<\/div>\n                \n\n<div class=\"kksr-legend\" style=\"font-size: 19.2px;\">\n            5\/5 - (2 votos)    <\/div>\n    <\/div>\n","protected":false},"excerpt":{"rendered":"<p>Ahora que llega el verano nos planteamos otros planes como realizar cursos, aprender idiomas, reforzar el conocimiento adquirido durante el a\u00f1o acad\u00e9mico etc. de una forma m\u00e1s relajada e incluso l\u00fadica como pudiera ser trasladarnos a otro lugar para empaparnos de su cultura e idioma. Son los casos por ejemplo en los que previo a [&hellip;]<\/p>\n","protected":false},"author":1,"featured_media":420,"comment_status":"closed","ping_status":"open","sticky":false,"template":"","format":"standard","meta":{"_et_pb_use_builder":"","_et_pb_old_content":"","_et_gb_content_width":"","footnotes":""},"categories":[6],"tags":[],"class_list":["post-419","post","type-post","status-publish","format-standard","has-post-thumbnail","hentry","category-estudiar-en-barcelona"],"yoast_head":"<!-- This site is optimized with the Yoast SEO plugin v23.9 - https:\/\/yoast.com\/wordpress\/plugins\/seo\/ -->\n<title>Alojamiento por d\u00edas \u00bfEs una residencia una buena elecci\u00f3n?<\/title>\n<meta name=\"description\" content=\"Opciones como los cursos de idioma, de refuerzo o de verano requieren alojamiento por d\u00edas que limita las opciones, \u00bfEs una residencia una de ellas?\" \/>\n<meta name=\"robots\" content=\"index, follow, max-snippet:-1, max-image-preview:large, max-video-preview:-1\" \/>\n<link rel=\"canonical\" href=\"https:\/\/www.residenciasarria.com\/blog\/alojamiento-por-dias-residencia\/\" \/>\n<meta property=\"og:locale\" content=\"es_ES\" \/>\n<meta property=\"og:type\" content=\"article\" \/>\n<meta property=\"og:title\" content=\"Alojamiento por d\u00edas \u00bfEs una residencia una buena elecci\u00f3n?\" \/>\n<meta property=\"og:description\" content=\"Opciones como los cursos de idioma, de refuerzo o de verano requieren alojamiento por d\u00edas que limita las opciones, \u00bfEs una residencia una de ellas?\" \/>\n<meta property=\"og:url\" content=\"https:\/\/www.residenciasarria.com\/blog\/alojamiento-por-dias-residencia\/\" \/>\n<meta property=\"og:site_name\" content=\"Residencia Universitaria Sarri\u00e0\" \/>\n<meta property=\"article:publisher\" content=\"http:\/\/www.facebook.com\/residenciasarria\" \/>\n<meta property=\"article:published_time\" content=\"2016-07-08T12:25:54+00:00\" \/>\n<meta property=\"og:image\" content=\"https:\/\/www.residenciasarria.com\/blog\/wp-content\/uploads\/2016\/07\/calendario-dias-se\u00f1alados.jpg\" \/>\n\t<meta property=\"og:image:width\" content=\"780\" \/>\n\t<meta property=\"og:image:height\" content=\"519\" \/>\n\t<meta property=\"og:image:type\" content=\"image\/jpeg\" \/>\n<meta name=\"author\" content=\"Residencia Universitaria Sarri\u00e0\" \/>\n<meta name=\"twitter:card\" content=\"summary_large_image\" \/>\n<meta name=\"twitter:creator\" content=\"@ResiSarria\" \/>\n<meta name=\"twitter:site\" content=\"@ResiSarria\" \/>\n<meta name=\"twitter:label1\" content=\"Escrito por\" \/>\n\t<meta name=\"twitter:data1\" content=\"Residencia Universitaria Sarri\u00e0\" \/>\n\t<meta name=\"twitter:label2\" content=\"Tiempo de lectura\" \/>\n\t<meta name=\"twitter:data2\" content=\"3 minutos\" \/>\n<script type=\"application\/ld+json\" class=\"yoast-schema-graph\">{\"@context\":\"https:\/\/schema.org\",\"@graph\":[{\"@type\":\"Article\",\"@id\":\"https:\/\/www.residenciasarria.com\/blog\/alojamiento-por-dias-residencia\/#article\",\"isPartOf\":{\"@id\":\"https:\/\/www.residenciasarria.com\/blog\/alojamiento-por-dias-residencia\/\"},\"author\":{\"name\":\"Residencia Universitaria Sarri\u00e0\",\"@id\":\"https:\/\/www.residenciasarria.com\/blog\/#\/schema\/person\/24647b7029df760ee1abd1ccc2dde0e2\"},\"headline\":\"Alojamiento por d\u00edas, \u00bfEs una residencia una buena elecci\u00f3n?\",\"datePublished\":\"2016-07-08T12:25:54+00:00\",\"dateModified\":\"2016-07-08T12:25:54+00:00\",\"mainEntityOfPage\":{\"@id\":\"https:\/\/www.residenciasarria.com\/blog\/alojamiento-por-dias-residencia\/\"},\"wordCount\":541,\"publisher\":{\"@id\":\"https:\/\/www.residenciasarria.com\/blog\/#organization\"},\"image\":{\"@id\":\"https:\/\/www.residenciasarria.com\/blog\/alojamiento-por-dias-residencia\/#primaryimage\"},\"thumbnailUrl\":\"https:\/\/www.residenciasarria.com\/blog\/wp-content\/uploads\/2016\/07\/calendario-dias-se\u00f1alados.jpg\",\"articleSection\":[\"Estudiar en Barcelona\"],\"inLanguage\":\"es\"},{\"@type\":\"WebPage\",\"@id\":\"https:\/\/www.residenciasarria.com\/blog\/alojamiento-por-dias-residencia\/\",\"url\":\"https:\/\/www.residenciasarria.com\/blog\/alojamiento-por-dias-residencia\/\",\"name\":\"Alojamiento por d\u00edas \u00bfEs una residencia una buena elecci\u00f3n?\",\"isPartOf\":{\"@id\":\"https:\/\/www.residenciasarria.com\/blog\/#website\"},\"primaryImageOfPage\":{\"@id\":\"https:\/\/www.residenciasarria.com\/blog\/alojamiento-por-dias-residencia\/#primaryimage\"},\"image\":{\"@id\":\"https:\/\/www.residenciasarria.com\/blog\/alojamiento-por-dias-residencia\/#primaryimage\"},\"thumbnailUrl\":\"https:\/\/www.residenciasarria.com\/blog\/wp-content\/uploads\/2016\/07\/calendario-dias-se\u00f1alados.jpg\",\"datePublished\":\"2016-07-08T12:25:54+00:00\",\"dateModified\":\"2016-07-08T12:25:54+00:00\",\"description\":\"Opciones como los cursos de idioma, de refuerzo o de verano requieren alojamiento por d\u00edas que limita las opciones, \u00bfEs una residencia una de ellas?\",\"breadcrumb\":{\"@id\":\"https:\/\/www.residenciasarria.com\/blog\/alojamiento-por-dias-residencia\/#breadcrumb\"},\"inLanguage\":\"es\",\"potentialAction\":[{\"@type\":\"ReadAction\",\"target\":[\"https:\/\/www.residenciasarria.com\/blog\/alojamiento-por-dias-residencia\/\"]}]},{\"@type\":\"ImageObject\",\"inLanguage\":\"es\",\"@id\":\"https:\/\/www.residenciasarria.com\/blog\/alojamiento-por-dias-residencia\/#primaryimage\",\"url\":\"https:\/\/www.residenciasarria.com\/blog\/wp-content\/uploads\/2016\/07\/calendario-dias-se\u00f1alados.jpg\",\"contentUrl\":\"https:\/\/www.residenciasarria.com\/blog\/wp-content\/uploads\/2016\/07\/calendario-dias-se\u00f1alados.jpg\",\"width\":780,\"height\":519,\"caption\":\"Marcar el alojamiento por d\u00edas en el calendario\"},{\"@type\":\"BreadcrumbList\",\"@id\":\"https:\/\/www.residenciasarria.com\/blog\/alojamiento-por-dias-residencia\/#breadcrumb\",\"itemListElement\":[{\"@type\":\"ListItem\",\"position\":1,\"name\":\"Portada\",\"item\":\"https:\/\/www.residenciasarria.com\/blog\/\"},{\"@type\":\"ListItem\",\"position\":2,\"name\":\"Alojamiento por d\u00edas, \u00bfEs una residencia una buena elecci\u00f3n?\"}]},{\"@type\":\"WebSite\",\"@id\":\"https:\/\/www.residenciasarria.com\/blog\/#website\",\"url\":\"https:\/\/www.residenciasarria.com\/blog\/\",\"name\":\"Residencia Universitaria Sarri\u00e0\",\"description\":\"La Residencia Universitaria Sarri\u00e0 es un espacio donde el estudio y el desarrollo personal son una prioridad.\",\"publisher\":{\"@id\":\"https:\/\/www.residenciasarria.com\/blog\/#organization\"},\"alternateName\":\"RUS\",\"potentialAction\":[{\"@type\":\"SearchAction\",\"target\":{\"@type\":\"EntryPoint\",\"urlTemplate\":\"https:\/\/www.residenciasarria.com\/blog\/?s={search_term_string}\"},\"query-input\":{\"@type\":\"PropertyValueSpecification\",\"valueRequired\":true,\"valueName\":\"search_term_string\"}}],\"inLanguage\":\"es\"},{\"@type\":\"Organization\",\"@id\":\"https:\/\/www.residenciasarria.com\/blog\/#organization\",\"name\":\"Residencia Universitaria Sarri\u00e0\",\"alternateName\":\"RUS\",\"url\":\"https:\/\/www.residenciasarria.com\/blog\/\",\"logo\":{\"@type\":\"ImageObject\",\"inLanguage\":\"es\",\"@id\":\"https:\/\/www.residenciasarria.com\/blog\/#\/schema\/logo\/image\/\",\"url\":\"https:\/\/www.residenciasarria.com\/blog\/wp-content\/uploads\/2024\/11\/RUS.png\",\"contentUrl\":\"https:\/\/www.residenciasarria.com\/blog\/wp-content\/uploads\/2024\/11\/RUS.png\",\"width\":512,\"height\":512,\"caption\":\"Residencia Universitaria Sarri\u00e0\"},\"image\":{\"@id\":\"https:\/\/www.residenciasarria.com\/blog\/#\/schema\/logo\/image\/\"},\"sameAs\":[\"http:\/\/www.facebook.com\/residenciasarria\",\"https:\/\/x.com\/ResiSarria\",\"https:\/\/www.youtube.com\/user\/RUSarria\"]},{\"@type\":\"Person\",\"@id\":\"https:\/\/www.residenciasarria.com\/blog\/#\/schema\/person\/24647b7029df760ee1abd1ccc2dde0e2\",\"name\":\"Residencia Universitaria Sarri\u00e0\",\"image\":{\"@type\":\"ImageObject\",\"inLanguage\":\"es\",\"@id\":\"https:\/\/www.residenciasarria.com\/blog\/#\/schema\/person\/image\/\",\"url\":\"https:\/\/secure.gravatar.com\/avatar\/7d4a5f12882eafda372a75ec36ce1153?s=96&d=mm&r=g\",\"contentUrl\":\"https:\/\/secure.gravatar.com\/avatar\/7d4a5f12882eafda372a75ec36ce1153?s=96&d=mm&r=g\",\"caption\":\"Residencia Universitaria Sarri\u00e0\"},\"url\":\"https:\/\/www.residenciasarria.com\/blog\/author\/moon\/\"}]}<\/script>\n<!-- \/ Yoast SEO plugin. -->","yoast_head_json":{"title":"Alojamiento por d\u00edas \u00bfEs una residencia una buena elecci\u00f3n?","description":"Opciones como los cursos de idioma, de refuerzo o de verano requieren alojamiento por d\u00edas que limita las opciones, \u00bfEs una residencia una de ellas?","robots":{"index":"index","follow":"follow","max-snippet":"max-snippet:-1","max-image-preview":"max-image-preview:large","max-video-preview":"max-video-preview:-1"},"canonical":"https:\/\/www.residenciasarria.com\/blog\/alojamiento-por-dias-residencia\/","og_locale":"es_ES","og_type":"article","og_title":"Alojamiento por d\u00edas \u00bfEs una residencia una buena elecci\u00f3n?","og_description":"Opciones como los cursos de idioma, de refuerzo o de verano requieren alojamiento por d\u00edas que limita las opciones, \u00bfEs una residencia una de ellas?","og_url":"https:\/\/www.residenciasarria.com\/blog\/alojamiento-por-dias-residencia\/","og_site_name":"Residencia Universitaria Sarri\u00e0","article_publisher":"http:\/\/www.facebook.com\/residenciasarria","article_published_time":"2016-07-08T12:25:54+00:00","og_image":[{"width":780,"height":519,"url":"https:\/\/www.residenciasarria.com\/blog\/wp-content\/uploads\/2016\/07\/calendario-dias-se\u00f1alados.jpg","type":"image\/jpeg"}],"author":"Residencia Universitaria Sarri\u00e0","twitter_card":"summary_large_image","twitter_creator":"@ResiSarria","twitter_site":"@ResiSarria","twitter_misc":{"Escrito por":"Residencia Universitaria Sarri\u00e0","Tiempo de lectura":"3 minutos"},"schema":{"@context":"https:\/\/schema.org","@graph":[{"@type":"Article","@id":"https:\/\/www.residenciasarria.com\/blog\/alojamiento-por-dias-residencia\/#article","isPartOf":{"@id":"https:\/\/www.residenciasarria.com\/blog\/alojamiento-por-dias-residencia\/"},"author":{"name":"Residencia Universitaria Sarri\u00e0","@id":"https:\/\/www.residenciasarria.com\/blog\/#\/schema\/person\/24647b7029df760ee1abd1ccc2dde0e2"},"headline":"Alojamiento por d\u00edas, \u00bfEs una residencia una buena elecci\u00f3n?","datePublished":"2016-07-08T12:25:54+00:00","dateModified":"2016-07-08T12:25:54+00:00","mainEntityOfPage":{"@id":"https:\/\/www.residenciasarria.com\/blog\/alojamiento-por-dias-residencia\/"},"wordCount":541,"publisher":{"@id":"https:\/\/www.residenciasarria.com\/blog\/#organization"},"image":{"@id":"https:\/\/www.residenciasarria.com\/blog\/alojamiento-por-dias-residencia\/#primaryimage"},"thumbnailUrl":"https:\/\/www.residenciasarria.com\/blog\/wp-content\/uploads\/2016\/07\/calendario-dias-se\u00f1alados.jpg","articleSection":["Estudiar en Barcelona"],"inLanguage":"es"},{"@type":"WebPage","@id":"https:\/\/www.residenciasarria.com\/blog\/alojamiento-por-dias-residencia\/","url":"https:\/\/www.residenciasarria.com\/blog\/alojamiento-por-dias-residencia\/","name":"Alojamiento por d\u00edas \u00bfEs una residencia una buena elecci\u00f3n?","isPartOf":{"@id":"https:\/\/www.residenciasarria.com\/blog\/#website"},"primaryImageOfPage":{"@id":"https:\/\/www.residenciasarria.com\/blog\/alojamiento-por-dias-residencia\/#primaryimage"},"image":{"@id":"https:\/\/www.residenciasarria.com\/blog\/alojamiento-por-dias-residencia\/#primaryimage"},"thumbnailUrl":"https:\/\/www.residenciasarria.com\/blog\/wp-content\/uploads\/2016\/07\/calendario-dias-se\u00f1alados.jpg","datePublished":"2016-07-08T12:25:54+00:00","dateModified":"2016-07-08T12:25:54+00:00","description":"Opciones como los cursos de idioma, de refuerzo o de verano requieren alojamiento por d\u00edas que limita las opciones, \u00bfEs una residencia una de ellas?","breadcrumb":{"@id":"https:\/\/www.residenciasarria.com\/blog\/alojamiento-por-dias-residencia\/#breadcrumb"},"inLanguage":"es","potentialAction":[{"@type":"ReadAction","target":["https:\/\/www.residenciasarria.com\/blog\/alojamiento-por-dias-residencia\/"]}]},{"@type":"ImageObject","inLanguage":"es","@id":"https:\/\/www.residenciasarria.com\/blog\/alojamiento-por-dias-residencia\/#primaryimage","url":"https:\/\/www.residenciasarria.com\/blog\/wp-content\/uploads\/2016\/07\/calendario-dias-se\u00f1alados.jpg","contentUrl":"https:\/\/www.residenciasarria.com\/blog\/wp-content\/uploads\/2016\/07\/calendario-dias-se\u00f1alados.jpg","width":780,"height":519,"caption":"Marcar el alojamiento por d\u00edas en el calendario"},{"@type":"BreadcrumbList","@id":"https:\/\/www.residenciasarria.com\/blog\/alojamiento-por-dias-residencia\/#breadcrumb","itemListElement":[{"@type":"ListItem","position":1,"name":"Portada","item":"https:\/\/www.residenciasarria.com\/blog\/"},{"@type":"ListItem","position":2,"name":"Alojamiento por d\u00edas, \u00bfEs una residencia una buena elecci\u00f3n?"}]},{"@type":"WebSite","@id":"https:\/\/www.residenciasarria.com\/blog\/#website","url":"https:\/\/www.residenciasarria.com\/blog\/","name":"Residencia Universitaria Sarri\u00e0","description":"La Residencia Universitaria Sarri\u00e0 es un espacio donde el estudio y el desarrollo personal son una prioridad.","publisher":{"@id":"https:\/\/www.residenciasarria.com\/blog\/#organization"},"alternateName":"RUS","potentialAction":[{"@type":"SearchAction","target":{"@type":"EntryPoint","urlTemplate":"https:\/\/www.residenciasarria.com\/blog\/?s={search_term_string}"},"query-input":{"@type":"PropertyValueSpecification","valueRequired":true,"valueName":"search_term_string"}}],"inLanguage":"es"},{"@type":"Organization","@id":"https:\/\/www.residenciasarria.com\/blog\/#organization","name":"Residencia Universitaria Sarri\u00e0","alternateName":"RUS","url":"https:\/\/www.residenciasarria.com\/blog\/","logo":{"@type":"ImageObject","inLanguage":"es","@id":"https:\/\/www.residenciasarria.com\/blog\/#\/schema\/logo\/image\/","url":"https:\/\/www.residenciasarria.com\/blog\/wp-content\/uploads\/2024\/11\/RUS.png","contentUrl":"https:\/\/www.residenciasarria.com\/blog\/wp-content\/uploads\/2024\/11\/RUS.png","width":512,"height":512,"caption":"Residencia Universitaria Sarri\u00e0"},"image":{"@id":"https:\/\/www.residenciasarria.com\/blog\/#\/schema\/logo\/image\/"},"sameAs":["http:\/\/www.facebook.com\/residenciasarria","https:\/\/x.com\/ResiSarria","https:\/\/www.youtube.com\/user\/RUSarria"]},{"@type":"Person","@id":"https:\/\/www.residenciasarria.com\/blog\/#\/schema\/person\/24647b7029df760ee1abd1ccc2dde0e2","name":"Residencia Universitaria Sarri\u00e0","image":{"@type":"ImageObject","inLanguage":"es","@id":"https:\/\/www.residenciasarria.com\/blog\/#\/schema\/person\/image\/","url":"https:\/\/secure.gravatar.com\/avatar\/7d4a5f12882eafda372a75ec36ce1153?s=96&d=mm&r=g","contentUrl":"https:\/\/secure.gravatar.com\/avatar\/7d4a5f12882eafda372a75ec36ce1153?s=96&d=mm&r=g","caption":"Residencia Universitaria Sarri\u00e0"},"url":"https:\/\/www.residenciasarria.com\/blog\/author\/moon\/"}]}},"amp_enabled":true,"_links":{"self":[{"href":"https:\/\/www.residenciasarria.com\/blog\/wp-json\/wp\/v2\/posts\/419","targetHints":{"allow":["GET"]}}],"collection":[{"href":"https:\/\/www.residenciasarria.com\/blog\/wp-json\/wp\/v2\/posts"}],"about":[{"href":"https:\/\/www.residenciasarria.com\/blog\/wp-json\/wp\/v2\/types\/post"}],"author":[{"embeddable":true,"href":"https:\/\/www.residenciasarria.com\/blog\/wp-json\/wp\/v2\/users\/1"}],"replies":[{"embeddable":true,"href":"https:\/\/www.residenciasarria.com\/blog\/wp-json\/wp\/v2\/comments?post=419"}],"version-history":[{"count":4,"href":"https:\/\/www.residenciasarria.com\/blog\/wp-json\/wp\/v2\/posts\/419\/revisions"}],"predecessor-version":[{"id":424,"href":"https:\/\/www.residenciasarria.com\/blog\/wp-json\/wp\/v2\/posts\/419\/revisions\/424"}],"wp:featuredmedia":[{"embeddable":true,"href":"https:\/\/www.residenciasarria.com\/blog\/wp-json\/wp\/v2\/media\/420"}],"wp:attachment":[{"href":"https:\/\/www.residenciasarria.com\/blog\/wp-json\/wp\/v2\/media?parent=419"}],"wp:term":[{"taxonomy":"category","embeddable":true,"href":"https:\/\/www.residenciasarria.com\/blog\/wp-json\/wp\/v2\/categories?post=419"},{"taxonomy":"post_tag","embeddable":true,"href":"https:\/\/www.residenciasarria.com\/blog\/wp-json\/wp\/v2\/tags?post=419"}],"curies":[{"name":"wp","href":"https:\/\/api.w.org\/{rel}","templated":true}]}}