{"id":2334,"date":"2024-03-28T10:12:02","date_gmt":"2024-03-28T10:12:02","guid":{"rendered":"https:\/\/www.residenciasarria.com\/blog\/?p=2334"},"modified":"2026-01-28T08:34:18","modified_gmt":"2026-01-28T08:34:18","slug":"disena-tu-futuro-como-crear-un-cv-que-abra-puertas","status":"publish","type":"post","link":"https:\/\/www.residenciasarria.com\/blog\/disena-tu-futuro-como-crear-un-cv-que-abra-puertas\/","title":{"rendered":"Dise\u00f1a tu futuro: c\u00f3mo crear un CV que abra puertas"},"content":{"rendered":"\n<p>En la efervescencia de la vida universitaria, con su constante ir y venir de clases, actividades y estudio, el mundo laboral puede parecer lejano. No obstante, cada experiencia vivida, cada obst\u00e1culo superado y cada habilidad desarrollada est\u00e1n dibujando las l\u00edneas de tu futuro profesional, y no hay que subestimar el poder de estos momentos de aprendizaje, pues todo cuenta.&nbsp;<\/p>\n\n\n\n<p>Sabemos que presentarte ante un futuro empleador con confianza puede ser intimidante, sobre todo cuando a\u00fan est\u00e1s definiendo tu identidad profesional. Pero es esta fase de descubrimiento y crecimiento la que te da las historias y experiencias m\u00e1s interesantes para contar. Tu CV es como tu carta de presentaci\u00f3n: no debe limitarse a enumerar tus \u00e9xitos, sino que tambi\u00e9n debe mostrar qui\u00e9n eres t\u00fa.<\/p>\n\n\n\n<p>En este art\u00edculo, te proporcionamos algunas recomendaciones a tener en cuenta a la hora de plasmar estas experiencias, aprendizajes y aspiraciones de manera efectiva en un CV, para que no solo llame la atenci\u00f3n, sino que tambi\u00e9n refleje tu autenticidad. \u00a1Toma nota RUSidente!<\/p>\n\n\n\n<p><\/p>\n\n\n\n<div id=\"ez-toc-container\" class=\"ez-toc-v2_0_81 counter-hierarchy ez-toc-counter ez-toc-grey ez-toc-container-direction\">\n<div class=\"ez-toc-title-container\">\n<p class=\"ez-toc-title\" style=\"cursor:inherit\">\u00cdndice de contenido<\/p>\n<span class=\"ez-toc-title-toggle\"><a href=\"#\" class=\"ez-toc-pull-right ez-toc-btn ez-toc-btn-xs ez-toc-btn-default ez-toc-toggle\" aria-label=\"Alternar tabla de contenidos\"><span class=\"ez-toc-js-icon-con\"><span class=\"\"><span class=\"eztoc-hide\" style=\"display:none;\">Toggle<\/span><span class=\"ez-toc-icon-toggle-span\"><svg style=\"fill: #999;color:#999\" xmlns=\"http:\/\/www.w3.org\/2000\/svg\" class=\"list-377408\" width=\"20px\" height=\"20px\" viewBox=\"0 0 24 24\" fill=\"none\"><path d=\"M6 6H4v2h2V6zm14 0H8v2h12V6zM4 11h2v2H4v-2zm16 0H8v2h12v-2zM4 16h2v2H4v-2zm16 0H8v2h12v-2z\" fill=\"currentColor\"><\/path><\/svg><svg style=\"fill: #999;color:#999\" class=\"arrow-unsorted-368013\" xmlns=\"http:\/\/www.w3.org\/2000\/svg\" width=\"10px\" height=\"10px\" viewBox=\"0 0 24 24\" version=\"1.2\" baseProfile=\"tiny\"><path d=\"M18.2 9.3l-6.2-6.3-6.2 6.3c-.2.2-.3.4-.3.7s.1.5.3.7c.2.2.4.3.7.3h11c.3 0 .5-.1.7-.3.2-.2.3-.5.3-.7s-.1-.5-.3-.7zM5.8 14.7l6.2 6.3 6.2-6.3c.2-.2.3-.5.3-.7s-.1-.5-.3-.7c-.2-.2-.4-.3-.7-.3h-11c-.3 0-.5.1-.7.3-.2.2-.3.5-.3.7s.1.5.3.7z\"\/><\/svg><\/span><\/span><\/span><\/a><\/span><\/div>\n<nav><ul class='ez-toc-list ez-toc-list-level-1 ' ><li class='ez-toc-page-1 ez-toc-heading-level-4'><a class=\"ez-toc-link ez-toc-heading-1\" href=\"https:\/\/www.residenciasarria.com\/blog\/disena-tu-futuro-como-crear-un-cv-que-abra-puertas\/#Los_Fundamentos_organiza_tu_CV\" >Los Fundamentos: organiza tu CV<\/a><\/li><li class='ez-toc-page-1 ez-toc-heading-level-4'><a class=\"ez-toc-link ez-toc-heading-2\" href=\"https:\/\/www.residenciasarria.com\/blog\/disena-tu-futuro-como-crear-un-cv-que-abra-puertas\/#Claves_para_dotar_de_autenticidad_a_tu_CV\" >Claves para dotar de autenticidad a tu CV<\/a><\/li><\/ul><\/nav><\/div>\n<h4 class=\"wp-block-heading\"><span class=\"ez-toc-section\" id=\"Los_Fundamentos_organiza_tu_CV\"><\/span><strong>Los Fundamentos: organiza tu CV<\/strong><span class=\"ez-toc-section-end\"><\/span><\/h4>\n\n\n\n<p><\/p>\n\n\n\n<p>Para asegurar que tu CV no solo capture la atenci\u00f3n sino que tambi\u00e9n destaque entre la competencia, es fundamental comenzar con una base s\u00f3lida que articule tu camino de forma coherente y cautivadora. Deber\u00e1 incluir:<\/p>\n\n\n\n<ul class=\"wp-block-list\"><li>Datos Personales:&nbsp;<\/li><\/ul>\n\n\n\n<p>Esta secci\u00f3n debe ser clara y concisa, incluyendo tu nombre completo, informaci\u00f3n de contacto (correo electr\u00f3nico y n\u00famero de tel\u00e9fono preferiblemente), y enlaces a perfiles profesionales como LinkedIn o una web personal. Aseg\u00farate de que estos enlaces est\u00e1n actualizados y reflejan profesionalismo.<\/p>\n\n\n\n<ul class=\"wp-block-list\"><li>Perfil Profesional:&nbsp;<\/li><\/ul>\n\n\n\n<p>Piensa en el perfil profesional como el <em>elevator pitch<\/em> de tu CV. Incluye un resumen breve pero potente de tus logros, habilidades y objetivos profesionales. Es tu oportunidad de captar la atenci\u00f3n del lector desde el principio, mostrando no solo lo que has logrado sino tambi\u00e9n lo que aspiras alcanzar en tu carrera.<\/p>\n\n\n\n<ul class=\"wp-block-list\"><li>Educaci\u00f3n:&nbsp;<\/li><\/ul>\n\n\n\n<p>Detalla tu formaci\u00f3n acad\u00e9mica incluyendo t\u00edtulos obtenidos, instituciones y las fechas de estudio. Si est\u00e1s actualmente cursando una carrera, menciona la fecha esperada de graduaci\u00f3n. Tambi\u00e9n puedes incluir cursos relevantes o especializaciones que hayas completado.<\/p>\n\n\n\n<ul class=\"wp-block-list\"><li>Experiencia Laboral y Pr\u00e1cticas:<\/li><\/ul>\n\n\n\n<p>Incluye cualquier trabajo, pr\u00e1cticas profesionales o proyectos significativos. Empieza con lo m\u00e1s reciente y menciona el lugar, tu posici\u00f3n, las fechas de participaci\u00f3n y resalta brevemente tus tareas y logros. Enf\u00f3cate en c\u00f3mo contribuiste de manera concreta, usando datos y resultados cuando puedas. Este apartado es clave para mostrar c\u00f3mo estas experiencias te han preparado para el mundo laboral.<\/p>\n\n\n\n<ul class=\"wp-block-list\"><li>Habilidades:&nbsp;<\/li><\/ul>\n\n\n\n<p>Enumera tanto habilidades t\u00e9cnicas (como software, herramientas, idiomas) como blandas ( liderazgo, comunicaci\u00f3n, trabajo en equipo, etc.) y reflexiona sobre c\u00f3mo cada experiencia contribuy\u00f3 a tu crecimiento en estas \u00e1reas. Este apartado ayuda a los empleadores a entender r\u00e1pidamente c\u00f3mo puedes encajar en su equipo y contribuir a la empresa.<\/p>\n\n\n\n<ul class=\"wp-block-list\"><li>Experiencias extraacad\u00e9micas y voluntariado:&nbsp;<\/li><\/ul>\n\n\n\n<p>No subestimes el poder de las actividades fuera del aula. Este apartado es tu espacio para destacar c\u00f3mo has contribuido a tu comunidad o c\u00f3mo has desarrollado habilidades a trav\u00e9s de experiencias extraacad\u00e9micas, como clubes universitarios, deportes, o voluntariado. Estas experiencias hablan de tu car\u00e1cter y de tus valores.<\/p>\n\n\n\n<ul class=\"wp-block-list\"><li>Premios y Reconocimientos:&nbsp;<\/li><\/ul>\n\n\n\n<p>En esta secci\u00f3n, incluye cualquier premio o reconocimiento recibido, ya sea acad\u00e9mico, profesional o de otro tipo. Destacar estos honores muestra tu dedicaci\u00f3n y habilidad, adem\u00e1s de ser prueba de tu excelencia y calidad en lo que haces. Al presentar estos logros, demuestras tu habilidad para superar expectativas y alcanzar altos est\u00e1ndares, cualidades muy apreciadas en el \u00e1mbito profesional.<\/p>\n\n\n\n<ul class=\"wp-block-list\"><li>Intereses y Hobbies:&nbsp;<\/li><\/ul>\n\n\n\n<p>Al compartir tus hobbies e intereses, brindas una panor\u00e1mica m\u00e1s integral de qui\u00e9n eres, lo cual puede armonizar con los valores y la cultura de la organizaci\u00f3n a la que deseas incorporarte. Aunque esta secci\u00f3n es opcional, sirve como un espejo de tu personalidad, destacando facetas \u00fanicas que otras partes de tu CV no capturan. Adem\u00e1s, puede convertirse en un tema de conversaci\u00f3n durante las entrevistas, permitiendo al entrevistador obtener una comprensi\u00f3n m\u00e1s rica y matizada de tu car\u00e1cter.<\/p>\n\n\n\n<p><\/p>\n\n\n\n<h4 class=\"wp-block-heading\"><span class=\"ez-toc-section\" id=\"Claves_para_dotar_de_autenticidad_a_tu_CV\"><\/span><strong>Claves para dotar de autenticidad a tu CV<\/strong><span class=\"ez-toc-section-end\"><\/span><\/h4>\n\n\n\n<p><\/p>\n\n\n\n<p>La estructura de tu CV funciona como el esqueleto que sostiene tu presentaci\u00f3n; lo que compartes importa, pero el impacto realmente lo define c\u00f3mo lo comunicas. Al dar forma a tu CV, reflexiona sobre c\u00f3mo cada secci\u00f3n, desde tu formaci\u00f3n acad\u00e9mica hasta tus experiencias laborales y habilidades, puede <strong>narrar una parte de tu historia \u00fanica<\/strong>. Emplea verbos de acci\u00f3n que destaquen tu rol activo en proyectos o iniciativas. Por ejemplo, en vez de simplemente ser \u00abmiembro de un equipo\u00bb, resalta c\u00f3mo \u00abcontribuiste activamente con un equipo de cinco personas para crear&#8230;\u00bb. Esta forma de expresarte no solo a\u00f1ade vida a tu CV, sino que tambi\u00e9n pinta un cuadro m\u00e1s completo de tu contribuci\u00f3n y crecimiento personal.<br><\/p>\n\n\n\n<p>Es tambi\u00e9n importante que <strong>adecues tu CV y lo personalices<\/strong> para cada oportunidad. Un error com\u00fan es enviar el mismo CV para diversas oportunidades. T\u00f3mate el tiempo para investigar sobre la empresa o el rol espec\u00edfico al que aspiras y adapta tu CV para resaltar las experiencias y habilidades m\u00e1s relevantes. Esto demuestra no solo tu inter\u00e9s genuino sino tambi\u00e9n tu disposici\u00f3n para alinear tus fortalezas con las necesidades de tu potencial empleador.&nbsp;<br><\/p>\n\n\n\n<p>Tambi\u00e9n es crucial <strong>no subestimar la importancia de los peque\u00f1os detalles<\/strong>. Elementos que pueden parecer menores, como la tipograf\u00eda, el formato y el esmero en la presentaci\u00f3n, son reflejo de tu profesionalismo y atenci\u00f3n al detalle. Es recomendable optar por un dise\u00f1o limpio y profesional que facilite la lectura y haga que tu CV resalte positivamente. Para inspirarte o encontrar modelos que te gu\u00eden, puedes explorar plataformas en l\u00ednea como LinkedIn, sitios web especializados en carreras profesionales, o incluso bases de datos de universidades que a menudo comparten ejemplos exitosos de CVs de exalumnos. Estas fuentes pueden ofrecerte una amplia gama de estilos y formatos adaptados a diferentes sectores profesionales, lo que te permitir\u00e1 personalizar tu CV de manera que mejor represente tu individualidad y destrezas.<br><\/p>\n\n\n\n<p>Finalmente, antes de enviar tu CV, es aconsejable compartirlo con mentores, profesores, o incluso compa\u00f1eros de la RUS. Adem\u00e1s, considera solicitar alguna carta de recomendaci\u00f3n de quienes puedan aportar testimonios significativos sobre tu desempe\u00f1o y cualidades. Unas segundas (o terceras) opiniones no solo pueden ofrecerte perspectivas valiosas sino que tambi\u00e9n ayudarte a pulir a\u00fan m\u00e1s tu documento, mientras que las cartas de recomendaci\u00f3n a\u00f1aden credibilidad y profundidad a tu perfil.<br><\/p>\n\n\n\n<p>Recuerda siempre que tu CV es un documento vivo, evolucionando junto contigo. Con cada nuevo paso en tu educaci\u00f3n y cada experiencia adicional en la que participas, es crucial actualizarlo para reflejar tu desarrollo tanto profesional como personal. En la RUS, te encuentras en un entorno rico en oportunidades que pueden fortalecer tu perfil. El desaf\u00edo est\u00e1 en reconocerlas, apreciarlas y, m\u00e1s importante a\u00fan, saber presentarlas con eficacia en tu CV.<br><\/p>\n\n\n\n<p>As\u00ed, aunque pueda parecer que hay tiempo de sobra, ten presente que cada d\u00eda aporta una pieza \u00fanica al mosaico de tu trayectoria profesional. Ha llegado el momento de construir ese mosaico con determinaci\u00f3n, atenci\u00f3n y miras hacia el futuro. \u00a1Adelante y mucha suerte, RUSidente!<\/p>\n\n\n\n<p><\/p>\n\n\n<div class=\"kk-star-ratings kksr-auto kksr-align-right kksr-valign-bottom\"\n    data-payload='{&quot;align&quot;:&quot;right&quot;,&quot;id&quot;:&quot;2334&quot;,&quot;slug&quot;:&quot;default&quot;,&quot;valign&quot;:&quot;bottom&quot;,&quot;ignore&quot;:&quot;&quot;,&quot;reference&quot;:&quot;auto&quot;,&quot;class&quot;:&quot;&quot;,&quot;count&quot;:&quot;14&quot;,&quot;legendonly&quot;:&quot;&quot;,&quot;readonly&quot;:&quot;&quot;,&quot;score&quot;:&quot;3.8&quot;,&quot;starsonly&quot;:&quot;&quot;,&quot;best&quot;:&quot;5&quot;,&quot;gap&quot;:&quot;5&quot;,&quot;greet&quot;:&quot;Rate this post&quot;,&quot;legend&quot;:&quot;3.8\\\/5 - (14 votos)&quot;,&quot;size&quot;:&quot;24&quot;,&quot;title&quot;:&quot;Dise\u00f1a tu futuro: c\u00f3mo crear un CV que abra puertas&quot;,&quot;width&quot;:&quot;107.7&quot;,&quot;_legend&quot;:&quot;{score}\\\/{best} - ({count} {votes})&quot;,&quot;font_factor&quot;:&quot;1.25&quot;}'>\n            \n<div class=\"kksr-stars\">\n    \n<div class=\"kksr-stars-inactive\">\n            <div class=\"kksr-star\" data-star=\"1\" style=\"padding-right: 5px\">\n            \n\n<div class=\"kksr-icon\" style=\"width: 24px; height: 24px;\"><\/div>\n        <\/div>\n            <div class=\"kksr-star\" data-star=\"2\" style=\"padding-right: 5px\">\n            \n\n<div class=\"kksr-icon\" style=\"width: 24px; height: 24px;\"><\/div>\n        <\/div>\n            <div class=\"kksr-star\" data-star=\"3\" style=\"padding-right: 5px\">\n            \n\n<div class=\"kksr-icon\" style=\"width: 24px; height: 24px;\"><\/div>\n        <\/div>\n            <div class=\"kksr-star\" data-star=\"4\" style=\"padding-right: 5px\">\n            \n\n<div class=\"kksr-icon\" style=\"width: 24px; height: 24px;\"><\/div>\n        <\/div>\n            <div class=\"kksr-star\" data-star=\"5\" style=\"padding-right: 5px\">\n            \n\n<div class=\"kksr-icon\" style=\"width: 24px; height: 24px;\"><\/div>\n        <\/div>\n    <\/div>\n    \n<div class=\"kksr-stars-active\" style=\"width: 107.7px;\">\n            <div class=\"kksr-star\" style=\"padding-right: 5px\">\n            \n\n<div class=\"kksr-icon\" style=\"width: 24px; height: 24px;\"><\/div>\n        <\/div>\n            <div class=\"kksr-star\" style=\"padding-right: 5px\">\n            \n\n<div class=\"kksr-icon\" style=\"width: 24px; height: 24px;\"><\/div>\n        <\/div>\n            <div class=\"kksr-star\" style=\"padding-right: 5px\">\n            \n\n<div class=\"kksr-icon\" style=\"width: 24px; height: 24px;\"><\/div>\n        <\/div>\n            <div class=\"kksr-star\" style=\"padding-right: 5px\">\n            \n\n<div class=\"kksr-icon\" style=\"width: 24px; height: 24px;\"><\/div>\n        <\/div>\n            <div class=\"kksr-star\" style=\"padding-right: 5px\">\n            \n\n<div class=\"kksr-icon\" style=\"width: 24px; height: 24px;\"><\/div>\n        <\/div>\n    <\/div>\n<\/div>\n                \n\n<div class=\"kksr-legend\" style=\"font-size: 19.2px;\">\n            3.8\/5 - (14 votos)    <\/div>\n    <\/div>\n","protected":false},"excerpt":{"rendered":"<p>En la efervescencia de la vida universitaria, con su constante ir y venir de clases, actividades y estudio, el mundo laboral puede parecer lejano. No obstante, cada experiencia vivida, cada obst\u00e1culo superado y cada habilidad desarrollada est\u00e1n dibujando las l\u00edneas de tu futuro profesional, y no hay que subestimar el poder de estos momentos de [&hellip;]<\/p>\n","protected":false},"author":2,"featured_media":2336,"comment_status":"closed","ping_status":"open","sticky":false,"template":"","format":"standard","meta":{"_et_pb_use_builder":"off","_et_pb_old_content":"","_et_gb_content_width":"","footnotes":""},"categories":[1],"tags":[],"class_list":["post-2334","post","type-post","status-publish","format-standard","has-post-thumbnail","hentry","category-sin-categoria"],"yoast_head":"<!-- This site is optimized with the Yoast SEO plugin v23.9 - https:\/\/yoast.com\/wordpress\/plugins\/seo\/ -->\n<title>Dise\u00f1a tu futuro: c\u00f3mo crear un CV que abra puertas<\/title>\n<meta name=\"description\" content=\"Aprende a crear un CV efectivo que destaque tus habilidades y abra puertas en el mundo profesional, dise\u00f1ando tu futuro desde hoy.\" \/>\n<meta name=\"robots\" content=\"index, follow, max-snippet:-1, max-image-preview:large, max-video-preview:-1\" \/>\n<link rel=\"canonical\" href=\"https:\/\/www.residenciasarria.com\/blog\/disena-tu-futuro-como-crear-un-cv-que-abra-puertas\/\" \/>\n<meta property=\"og:locale\" content=\"es_ES\" \/>\n<meta property=\"og:type\" content=\"article\" \/>\n<meta property=\"og:title\" content=\"Dise\u00f1a tu futuro: c\u00f3mo crear un CV que abra puertas\" \/>\n<meta property=\"og:description\" content=\"Aprende a crear un CV efectivo que destaque tus habilidades y abra puertas en el mundo profesional, dise\u00f1ando tu futuro desde hoy.\" \/>\n<meta property=\"og:url\" content=\"https:\/\/www.residenciasarria.com\/blog\/disena-tu-futuro-como-crear-un-cv-que-abra-puertas\/\" \/>\n<meta property=\"og:site_name\" content=\"Residencia Universitaria Sarri\u00e0\" \/>\n<meta property=\"article:publisher\" content=\"http:\/\/www.facebook.com\/residenciasarria\" \/>\n<meta property=\"article:published_time\" content=\"2024-03-28T10:12:02+00:00\" \/>\n<meta property=\"article:modified_time\" content=\"2026-01-28T08:34:18+00:00\" \/>\n<meta property=\"og:image\" content=\"https:\/\/www.residenciasarria.com\/blog\/wp-content\/uploads\/2024\/03\/Blog.jpg\" \/>\n\t<meta property=\"og:image:width\" content=\"980\" \/>\n\t<meta property=\"og:image:height\" content=\"675\" \/>\n\t<meta property=\"og:image:type\" content=\"image\/jpeg\" \/>\n<meta name=\"author\" content=\"residenciasarria\" \/>\n<meta name=\"twitter:card\" content=\"summary_large_image\" \/>\n<meta name=\"twitter:creator\" content=\"@ResiSarria\" \/>\n<meta name=\"twitter:site\" content=\"@ResiSarria\" \/>\n<meta name=\"twitter:label1\" content=\"Escrito por\" \/>\n\t<meta name=\"twitter:data1\" content=\"residenciasarria\" \/>\n\t<meta name=\"twitter:label2\" content=\"Tiempo de lectura\" \/>\n\t<meta name=\"twitter:data2\" content=\"6 minutos\" \/>\n<script type=\"application\/ld+json\" class=\"yoast-schema-graph\">{\"@context\":\"https:\/\/schema.org\",\"@graph\":[{\"@type\":\"Article\",\"@id\":\"https:\/\/www.residenciasarria.com\/blog\/disena-tu-futuro-como-crear-un-cv-que-abra-puertas\/#article\",\"isPartOf\":{\"@id\":\"https:\/\/www.residenciasarria.com\/blog\/disena-tu-futuro-como-crear-un-cv-que-abra-puertas\/\"},\"author\":{\"name\":\"residenciasarria\",\"@id\":\"https:\/\/www.residenciasarria.com\/blog\/#\/schema\/person\/ee42e7daff0d8ad8f067a9dc95a83492\"},\"headline\":\"Dise\u00f1a tu futuro: c\u00f3mo crear un CV que abra puertas\",\"datePublished\":\"2024-03-28T10:12:02+00:00\",\"dateModified\":\"2026-01-28T08:34:18+00:00\",\"mainEntityOfPage\":{\"@id\":\"https:\/\/www.residenciasarria.com\/blog\/disena-tu-futuro-como-crear-un-cv-que-abra-puertas\/\"},\"wordCount\":1290,\"publisher\":{\"@id\":\"https:\/\/www.residenciasarria.com\/blog\/#organization\"},\"image\":{\"@id\":\"https:\/\/www.residenciasarria.com\/blog\/disena-tu-futuro-como-crear-un-cv-que-abra-puertas\/#primaryimage\"},\"thumbnailUrl\":\"https:\/\/www.residenciasarria.com\/blog\/wp-content\/uploads\/2024\/03\/Blog.jpg\",\"inLanguage\":\"es\"},{\"@type\":\"WebPage\",\"@id\":\"https:\/\/www.residenciasarria.com\/blog\/disena-tu-futuro-como-crear-un-cv-que-abra-puertas\/\",\"url\":\"https:\/\/www.residenciasarria.com\/blog\/disena-tu-futuro-como-crear-un-cv-que-abra-puertas\/\",\"name\":\"Dise\u00f1a tu futuro: c\u00f3mo crear un CV que abra puertas\",\"isPartOf\":{\"@id\":\"https:\/\/www.residenciasarria.com\/blog\/#website\"},\"primaryImageOfPage\":{\"@id\":\"https:\/\/www.residenciasarria.com\/blog\/disena-tu-futuro-como-crear-un-cv-que-abra-puertas\/#primaryimage\"},\"image\":{\"@id\":\"https:\/\/www.residenciasarria.com\/blog\/disena-tu-futuro-como-crear-un-cv-que-abra-puertas\/#primaryimage\"},\"thumbnailUrl\":\"https:\/\/www.residenciasarria.com\/blog\/wp-content\/uploads\/2024\/03\/Blog.jpg\",\"datePublished\":\"2024-03-28T10:12:02+00:00\",\"dateModified\":\"2026-01-28T08:34:18+00:00\",\"description\":\"Aprende a crear un CV efectivo que destaque tus habilidades y abra puertas en el mundo profesional, dise\u00f1ando tu futuro desde hoy.\",\"breadcrumb\":{\"@id\":\"https:\/\/www.residenciasarria.com\/blog\/disena-tu-futuro-como-crear-un-cv-que-abra-puertas\/#breadcrumb\"},\"inLanguage\":\"es\",\"potentialAction\":[{\"@type\":\"ReadAction\",\"target\":[\"https:\/\/www.residenciasarria.com\/blog\/disena-tu-futuro-como-crear-un-cv-que-abra-puertas\/\"]}]},{\"@type\":\"ImageObject\",\"inLanguage\":\"es\",\"@id\":\"https:\/\/www.residenciasarria.com\/blog\/disena-tu-futuro-como-crear-un-cv-que-abra-puertas\/#primaryimage\",\"url\":\"https:\/\/www.residenciasarria.com\/blog\/wp-content\/uploads\/2024\/03\/Blog.jpg\",\"contentUrl\":\"https:\/\/www.residenciasarria.com\/blog\/wp-content\/uploads\/2024\/03\/Blog.jpg\",\"width\":980,\"height\":675},{\"@type\":\"BreadcrumbList\",\"@id\":\"https:\/\/www.residenciasarria.com\/blog\/disena-tu-futuro-como-crear-un-cv-que-abra-puertas\/#breadcrumb\",\"itemListElement\":[{\"@type\":\"ListItem\",\"position\":1,\"name\":\"Portada\",\"item\":\"https:\/\/www.residenciasarria.com\/blog\/\"},{\"@type\":\"ListItem\",\"position\":2,\"name\":\"Dise\u00f1a tu futuro: c\u00f3mo crear un CV que abra puertas\"}]},{\"@type\":\"WebSite\",\"@id\":\"https:\/\/www.residenciasarria.com\/blog\/#website\",\"url\":\"https:\/\/www.residenciasarria.com\/blog\/\",\"name\":\"Residencia Universitaria Sarri\u00e0\",\"description\":\"La Residencia Universitaria Sarri\u00e0 es un espacio donde el estudio y el desarrollo personal son una prioridad.\",\"publisher\":{\"@id\":\"https:\/\/www.residenciasarria.com\/blog\/#organization\"},\"alternateName\":\"RUS\",\"potentialAction\":[{\"@type\":\"SearchAction\",\"target\":{\"@type\":\"EntryPoint\",\"urlTemplate\":\"https:\/\/www.residenciasarria.com\/blog\/?s={search_term_string}\"},\"query-input\":{\"@type\":\"PropertyValueSpecification\",\"valueRequired\":true,\"valueName\":\"search_term_string\"}}],\"inLanguage\":\"es\"},{\"@type\":\"Organization\",\"@id\":\"https:\/\/www.residenciasarria.com\/blog\/#organization\",\"name\":\"Residencia Universitaria Sarri\u00e0\",\"alternateName\":\"RUS\",\"url\":\"https:\/\/www.residenciasarria.com\/blog\/\",\"logo\":{\"@type\":\"ImageObject\",\"inLanguage\":\"es\",\"@id\":\"https:\/\/www.residenciasarria.com\/blog\/#\/schema\/logo\/image\/\",\"url\":\"https:\/\/www.residenciasarria.com\/blog\/wp-content\/uploads\/2024\/11\/RUS.png\",\"contentUrl\":\"https:\/\/www.residenciasarria.com\/blog\/wp-content\/uploads\/2024\/11\/RUS.png\",\"width\":512,\"height\":512,\"caption\":\"Residencia Universitaria Sarri\u00e0\"},\"image\":{\"@id\":\"https:\/\/www.residenciasarria.com\/blog\/#\/schema\/logo\/image\/\"},\"sameAs\":[\"http:\/\/www.facebook.com\/residenciasarria\",\"https:\/\/x.com\/ResiSarria\",\"https:\/\/www.youtube.com\/user\/RUSarria\"]},{\"@type\":\"Person\",\"@id\":\"https:\/\/www.residenciasarria.com\/blog\/#\/schema\/person\/ee42e7daff0d8ad8f067a9dc95a83492\",\"name\":\"residenciasarria\",\"image\":{\"@type\":\"ImageObject\",\"inLanguage\":\"es\",\"@id\":\"https:\/\/www.residenciasarria.com\/blog\/#\/schema\/person\/image\/\",\"url\":\"https:\/\/secure.gravatar.com\/avatar\/0f9471b4f3ce3d38a39012484eeb1422?s=96&d=mm&r=g\",\"contentUrl\":\"https:\/\/secure.gravatar.com\/avatar\/0f9471b4f3ce3d38a39012484eeb1422?s=96&d=mm&r=g\",\"caption\":\"residenciasarria\"},\"url\":\"https:\/\/www.residenciasarria.com\/blog\/author\/residenciasarria\/\"}]}<\/script>\n<!-- \/ Yoast SEO plugin. -->","yoast_head_json":{"title":"Dise\u00f1a tu futuro: c\u00f3mo crear un CV que abra puertas","description":"Aprende a crear un CV efectivo que destaque tus habilidades y abra puertas en el mundo profesional, dise\u00f1ando tu futuro desde hoy.","robots":{"index":"index","follow":"follow","max-snippet":"max-snippet:-1","max-image-preview":"max-image-preview:large","max-video-preview":"max-video-preview:-1"},"canonical":"https:\/\/www.residenciasarria.com\/blog\/disena-tu-futuro-como-crear-un-cv-que-abra-puertas\/","og_locale":"es_ES","og_type":"article","og_title":"Dise\u00f1a tu futuro: c\u00f3mo crear un CV que abra puertas","og_description":"Aprende a crear un CV efectivo que destaque tus habilidades y abra puertas en el mundo profesional, dise\u00f1ando tu futuro desde hoy.","og_url":"https:\/\/www.residenciasarria.com\/blog\/disena-tu-futuro-como-crear-un-cv-que-abra-puertas\/","og_site_name":"Residencia Universitaria Sarri\u00e0","article_publisher":"http:\/\/www.facebook.com\/residenciasarria","article_published_time":"2024-03-28T10:12:02+00:00","article_modified_time":"2026-01-28T08:34:18+00:00","og_image":[{"width":980,"height":675,"url":"https:\/\/www.residenciasarria.com\/blog\/wp-content\/uploads\/2024\/03\/Blog.jpg","type":"image\/jpeg"}],"author":"residenciasarria","twitter_card":"summary_large_image","twitter_creator":"@ResiSarria","twitter_site":"@ResiSarria","twitter_misc":{"Escrito por":"residenciasarria","Tiempo de lectura":"6 minutos"},"schema":{"@context":"https:\/\/schema.org","@graph":[{"@type":"Article","@id":"https:\/\/www.residenciasarria.com\/blog\/disena-tu-futuro-como-crear-un-cv-que-abra-puertas\/#article","isPartOf":{"@id":"https:\/\/www.residenciasarria.com\/blog\/disena-tu-futuro-como-crear-un-cv-que-abra-puertas\/"},"author":{"name":"residenciasarria","@id":"https:\/\/www.residenciasarria.com\/blog\/#\/schema\/person\/ee42e7daff0d8ad8f067a9dc95a83492"},"headline":"Dise\u00f1a tu futuro: c\u00f3mo crear un CV que abra puertas","datePublished":"2024-03-28T10:12:02+00:00","dateModified":"2026-01-28T08:34:18+00:00","mainEntityOfPage":{"@id":"https:\/\/www.residenciasarria.com\/blog\/disena-tu-futuro-como-crear-un-cv-que-abra-puertas\/"},"wordCount":1290,"publisher":{"@id":"https:\/\/www.residenciasarria.com\/blog\/#organization"},"image":{"@id":"https:\/\/www.residenciasarria.com\/blog\/disena-tu-futuro-como-crear-un-cv-que-abra-puertas\/#primaryimage"},"thumbnailUrl":"https:\/\/www.residenciasarria.com\/blog\/wp-content\/uploads\/2024\/03\/Blog.jpg","inLanguage":"es"},{"@type":"WebPage","@id":"https:\/\/www.residenciasarria.com\/blog\/disena-tu-futuro-como-crear-un-cv-que-abra-puertas\/","url":"https:\/\/www.residenciasarria.com\/blog\/disena-tu-futuro-como-crear-un-cv-que-abra-puertas\/","name":"Dise\u00f1a tu futuro: c\u00f3mo crear un CV que abra puertas","isPartOf":{"@id":"https:\/\/www.residenciasarria.com\/blog\/#website"},"primaryImageOfPage":{"@id":"https:\/\/www.residenciasarria.com\/blog\/disena-tu-futuro-como-crear-un-cv-que-abra-puertas\/#primaryimage"},"image":{"@id":"https:\/\/www.residenciasarria.com\/blog\/disena-tu-futuro-como-crear-un-cv-que-abra-puertas\/#primaryimage"},"thumbnailUrl":"https:\/\/www.residenciasarria.com\/blog\/wp-content\/uploads\/2024\/03\/Blog.jpg","datePublished":"2024-03-28T10:12:02+00:00","dateModified":"2026-01-28T08:34:18+00:00","description":"Aprende a crear un CV efectivo que destaque tus habilidades y abra puertas en el mundo profesional, dise\u00f1ando tu futuro desde hoy.","breadcrumb":{"@id":"https:\/\/www.residenciasarria.com\/blog\/disena-tu-futuro-como-crear-un-cv-que-abra-puertas\/#breadcrumb"},"inLanguage":"es","potentialAction":[{"@type":"ReadAction","target":["https:\/\/www.residenciasarria.com\/blog\/disena-tu-futuro-como-crear-un-cv-que-abra-puertas\/"]}]},{"@type":"ImageObject","inLanguage":"es","@id":"https:\/\/www.residenciasarria.com\/blog\/disena-tu-futuro-como-crear-un-cv-que-abra-puertas\/#primaryimage","url":"https:\/\/www.residenciasarria.com\/blog\/wp-content\/uploads\/2024\/03\/Blog.jpg","contentUrl":"https:\/\/www.residenciasarria.com\/blog\/wp-content\/uploads\/2024\/03\/Blog.jpg","width":980,"height":675},{"@type":"BreadcrumbList","@id":"https:\/\/www.residenciasarria.com\/blog\/disena-tu-futuro-como-crear-un-cv-que-abra-puertas\/#breadcrumb","itemListElement":[{"@type":"ListItem","position":1,"name":"Portada","item":"https:\/\/www.residenciasarria.com\/blog\/"},{"@type":"ListItem","position":2,"name":"Dise\u00f1a tu futuro: c\u00f3mo crear un CV que abra puertas"}]},{"@type":"WebSite","@id":"https:\/\/www.residenciasarria.com\/blog\/#website","url":"https:\/\/www.residenciasarria.com\/blog\/","name":"Residencia Universitaria Sarri\u00e0","description":"La Residencia Universitaria Sarri\u00e0 es un espacio donde el estudio y el desarrollo personal son una prioridad.","publisher":{"@id":"https:\/\/www.residenciasarria.com\/blog\/#organization"},"alternateName":"RUS","potentialAction":[{"@type":"SearchAction","target":{"@type":"EntryPoint","urlTemplate":"https:\/\/www.residenciasarria.com\/blog\/?s={search_term_string}"},"query-input":{"@type":"PropertyValueSpecification","valueRequired":true,"valueName":"search_term_string"}}],"inLanguage":"es"},{"@type":"Organization","@id":"https:\/\/www.residenciasarria.com\/blog\/#organization","name":"Residencia Universitaria Sarri\u00e0","alternateName":"RUS","url":"https:\/\/www.residenciasarria.com\/blog\/","logo":{"@type":"ImageObject","inLanguage":"es","@id":"https:\/\/www.residenciasarria.com\/blog\/#\/schema\/logo\/image\/","url":"https:\/\/www.residenciasarria.com\/blog\/wp-content\/uploads\/2024\/11\/RUS.png","contentUrl":"https:\/\/www.residenciasarria.com\/blog\/wp-content\/uploads\/2024\/11\/RUS.png","width":512,"height":512,"caption":"Residencia Universitaria Sarri\u00e0"},"image":{"@id":"https:\/\/www.residenciasarria.com\/blog\/#\/schema\/logo\/image\/"},"sameAs":["http:\/\/www.facebook.com\/residenciasarria","https:\/\/x.com\/ResiSarria","https:\/\/www.youtube.com\/user\/RUSarria"]},{"@type":"Person","@id":"https:\/\/www.residenciasarria.com\/blog\/#\/schema\/person\/ee42e7daff0d8ad8f067a9dc95a83492","name":"residenciasarria","image":{"@type":"ImageObject","inLanguage":"es","@id":"https:\/\/www.residenciasarria.com\/blog\/#\/schema\/person\/image\/","url":"https:\/\/secure.gravatar.com\/avatar\/0f9471b4f3ce3d38a39012484eeb1422?s=96&d=mm&r=g","contentUrl":"https:\/\/secure.gravatar.com\/avatar\/0f9471b4f3ce3d38a39012484eeb1422?s=96&d=mm&r=g","caption":"residenciasarria"},"url":"https:\/\/www.residenciasarria.com\/blog\/author\/residenciasarria\/"}]}},"amp_enabled":true,"_links":{"self":[{"href":"https:\/\/www.residenciasarria.com\/blog\/wp-json\/wp\/v2\/posts\/2334","targetHints":{"allow":["GET"]}}],"collection":[{"href":"https:\/\/www.residenciasarria.com\/blog\/wp-json\/wp\/v2\/posts"}],"about":[{"href":"https:\/\/www.residenciasarria.com\/blog\/wp-json\/wp\/v2\/types\/post"}],"author":[{"embeddable":true,"href":"https:\/\/www.residenciasarria.com\/blog\/wp-json\/wp\/v2\/users\/2"}],"replies":[{"embeddable":true,"href":"https:\/\/www.residenciasarria.com\/blog\/wp-json\/wp\/v2\/comments?post=2334"}],"version-history":[{"count":5,"href":"https:\/\/www.residenciasarria.com\/blog\/wp-json\/wp\/v2\/posts\/2334\/revisions"}],"predecessor-version":[{"id":2340,"href":"https:\/\/www.residenciasarria.com\/blog\/wp-json\/wp\/v2\/posts\/2334\/revisions\/2340"}],"wp:featuredmedia":[{"embeddable":true,"href":"https:\/\/www.residenciasarria.com\/blog\/wp-json\/wp\/v2\/media\/2336"}],"wp:attachment":[{"href":"https:\/\/www.residenciasarria.com\/blog\/wp-json\/wp\/v2\/media?parent=2334"}],"wp:term":[{"taxonomy":"category","embeddable":true,"href":"https:\/\/www.residenciasarria.com\/blog\/wp-json\/wp\/v2\/categories?post=2334"},{"taxonomy":"post_tag","embeddable":true,"href":"https:\/\/www.residenciasarria.com\/blog\/wp-json\/wp\/v2\/tags?post=2334"}],"curies":[{"name":"wp","href":"https:\/\/api.w.org\/{rel}","templated":true}]}}