{"id":1375,"date":"2019-09-17T11:37:45","date_gmt":"2019-09-17T11:37:45","guid":{"rendered":"http:\/\/www.residenciasarria.com\/blog\/?p=1375"},"modified":"2019-11-14T09:48:08","modified_gmt":"2019-11-14T09:48:08","slug":"salas-espacios-residencia-sarria","status":"publish","type":"post","link":"https:\/\/www.residenciasarria.com\/blog\/salas-espacios-residencia-sarria\/","title":{"rendered":"\u00bfConoces todas las salas y espacios exclusivos de la Residencia Sarri\u00e0?"},"content":{"rendered":"<p>En la Residencia Sarri\u00e0,<a href=\"https:\/\/www.residenciasarria.com\/es\/instalaciones\/\" target=\"_blank\" rel=\"noopener\"> todas las instalaciones<\/a> y salas han sido dise\u00f1adas para el desarrollo del trabajo y estudio para una \u00f3ptima formaci\u00f3n.<\/p>\n<p>Todos los residentes tienen accesos a estas salas de diferentes tama\u00f1os y capacidades. Adem\u00e1s, existen salas especializadas como las de inform\u00e1tica y multimedia as\u00ed como otras donde los residentes pueden realizar trabajos t\u00e9cnicos con total comodidad.<\/p>\n<p>A continuaci\u00f3n, te ense\u00f1amos algunas de las principales salas y espacios exclusivos de la Residencia Sarri\u00e0.<\/p>\n<div id=\"ez-toc-container\" class=\"ez-toc-v2_0_81 counter-hierarchy ez-toc-counter ez-toc-grey ez-toc-container-direction\">\n<div class=\"ez-toc-title-container\">\n<p class=\"ez-toc-title\" style=\"cursor:inherit\">\u00cdndice de contenido<\/p>\n<span class=\"ez-toc-title-toggle\"><a href=\"#\" class=\"ez-toc-pull-right ez-toc-btn ez-toc-btn-xs ez-toc-btn-default ez-toc-toggle\" aria-label=\"Alternar tabla de contenidos\"><span class=\"ez-toc-js-icon-con\"><span class=\"\"><span class=\"eztoc-hide\" style=\"display:none;\">Toggle<\/span><span class=\"ez-toc-icon-toggle-span\"><svg style=\"fill: #999;color:#999\" xmlns=\"http:\/\/www.w3.org\/2000\/svg\" class=\"list-377408\" width=\"20px\" height=\"20px\" viewBox=\"0 0 24 24\" fill=\"none\"><path d=\"M6 6H4v2h2V6zm14 0H8v2h12V6zM4 11h2v2H4v-2zm16 0H8v2h12v-2zM4 16h2v2H4v-2zm16 0H8v2h12v-2z\" fill=\"currentColor\"><\/path><\/svg><svg style=\"fill: #999;color:#999\" class=\"arrow-unsorted-368013\" xmlns=\"http:\/\/www.w3.org\/2000\/svg\" width=\"10px\" height=\"10px\" viewBox=\"0 0 24 24\" version=\"1.2\" baseProfile=\"tiny\"><path d=\"M18.2 9.3l-6.2-6.3-6.2 6.3c-.2.2-.3.4-.3.7s.1.5.3.7c.2.2.4.3.7.3h11c.3 0 .5-.1.7-.3.2-.2.3-.5.3-.7s-.1-.5-.3-.7zM5.8 14.7l6.2 6.3 6.2-6.3c.2-.2.3-.5.3-.7s-.1-.5-.3-.7c-.2-.2-.4-.3-.7-.3h-11c-.3 0-.5.1-.7.3-.2.2-.3.5-.3.7s.1.5.3.7z\"\/><\/svg><\/span><\/span><\/span><\/a><\/span><\/div>\n<nav><ul class='ez-toc-list ez-toc-list-level-1 ' ><li class='ez-toc-page-1 ez-toc-heading-level-2'><a class=\"ez-toc-link ez-toc-heading-1\" href=\"https:\/\/www.residenciasarria.com\/blog\/salas-espacios-residencia-sarria\/#Salas_de_la_Residencia_Sarria\" >Salas de la Residencia Sarri\u00e0<\/a><\/li><li class='ez-toc-page-1 ez-toc-heading-level-2'><a class=\"ez-toc-link ez-toc-heading-2\" href=\"https:\/\/www.residenciasarria.com\/blog\/salas-espacios-residencia-sarria\/#Espacios_exclusivos_y_especializados_de_la_Residencia_Sarria\" >Espacios exclusivos y especializados de la Residencia Sarri\u00e0<\/a><\/li><\/ul><\/nav><\/div>\n<h2><span class=\"ez-toc-section\" id=\"Salas_de_la_Residencia_Sarria\"><\/span><strong>Salas de la Residencia Sarri\u00e0<\/strong><span class=\"ez-toc-section-end\"><\/span><\/h2>\n<p>Entre los diferentes espacios m\u00e1s polivalentes de la residencia encontramos:<\/p>\n<ul>\n<li><strong>Salas de Estudio.<\/strong> Disponemos de<a href=\"https:\/\/www.residenciasarria.com\/es\/instalaciones\/salas-de-estudio\/_i:2\/\" target=\"_blank\" rel=\"noopener\"> 2 salas de estudio disponibles<\/a> las 24 horas para los estudiantes de la residencia. Son salas de diferentes tama\u00f1os y capacidades donde el estudio y el silencio son la m\u00e1xima. Disponen de luz natural, amplias mesas de trabajo, wifi o conexi\u00f3n por cable.<\/li>\n<li><strong>Salas de trabajo. <\/strong>Estas salas est\u00e1n enfocadas al trabajo en grupo. Disponemos de 6 salas de trabajo donde los residentes podr\u00e1n trabajar y comentar sus proyectos sin molestar a otros estudiantes. Estas salas est\u00e1n equipadas con luz natural, amplias mesas y wifi.<\/li>\n<li><strong>Sala de lectura.<\/strong> Sala equipada, a modo de biblioteca, con revistas y libras especializados. Esta sala se destina a la lectura y estudio desde una perspectiva relajada. Muy luminosa y con sillones de gran comodidad.<\/li>\n<\/ul>\n<h2><span class=\"ez-toc-section\" id=\"Espacios_exclusivos_y_especializados_de_la_Residencia_Sarria\"><\/span><strong>Espacios exclusivos y especializados de la Residencia Sarri\u00e0<\/strong><span class=\"ez-toc-section-end\"><\/span><\/h2>\n<p>Paralelamente, a las salas de estudio y trabajo en equipo, disponemos de salas especializadas para el estudio y ejecuci\u00f3n de trabajos m\u00e1s t\u00e9cnicos.<\/p>\n<p>Estas salas m\u00e1s exclusivas de la residencia Sarri\u00e0 son:<\/p>\n<ul>\n<li><strong>Sala multimedia. <\/strong>Esta sala est\u00e1 equipada y preparada con la \u00faltima tecnolog\u00eda en sonido y proyectores. Puede utilizarse tanto para preparar presentaciones y trabajos como para el ocio.<\/li>\n<li><strong>Sala de arquitectura, dise\u00f1o y artes pl\u00e1sticas.<\/strong> Esta sala de la Residencia Sarri\u00e0 est\u00e1 especialmente pensada para los alumnos de formaciones relacionadas con el dise\u00f1o y las artes pl\u00e1sticas. Equipada con ordenadores, plotter para imprimir planos y mesas para la realizaci\u00f3n de maquetas, dibujo t\u00e9cnico y art\u00edstico.<\/li>\n<li><strong>Sala de M\u00fasica.<\/strong> Espacio pensado para los estudiantes de formaciones musicales donde podr\u00e1n tocas sus instrumentos musicales y realizar grabaciones. Dispone de paneles orientables para la ac\u00fastica, taquillas para guardar el material y preparada para un sonido \u00f3ptimo.<\/li>\n<\/ul>\n<p>Adem\u00e1s de estos espacios de trabajo, en la Residencia Universitaria Sarri\u00e0 los estudiantes tienen a su disposici\u00f3n espacios de ocio y relajaci\u00f3n.<\/p>\n<ul>\n<li><strong>Zona Ocio<\/strong>. Este espacio esta pensado y preparado para la distendida pr\u00e1ctica del Ping Pong o el futbol\u00edn. Tambi\u00e9n, encontrar\u00e1s sof\u00e1s y sillones para los momentos de m\u00e1s relax.<\/li>\n<li><strong>Piscina y Sol\u00e1rium. <\/strong>Entre los espacios de recreo y relax de la residencia, disponemos de una piscina en el \u00e1tico del edificio con una zona de sol\u00e1rium perfecta para las \u00e9pocas de climatolog\u00eda favorable para ello.<\/li>\n<\/ul>\n<p><a href=\"https:\/\/www.residenciasarria.com\/es\/contactar\/\" target=\"_blank\" rel=\"noopener\"><img loading=\"lazy\" decoding=\"async\" class=\"aligncenter wp-image-164 size-full\" title=\"contactar residencia sarri\u00e0\" src=\"https:\/\/www.residenciasarria.com\/blog\/wp-content\/uploads\/2016\/01\/residencia-sarria-instalaciones-servicios.jpg\" alt=\"Servicios e intalaciones de la Resid\u00e8ncia Universit\u00e0ria Sarri\u00e0\" width=\"795\" height=\"150\" srcset=\"https:\/\/www.residenciasarria.com\/blog\/wp-content\/uploads\/2016\/01\/residencia-sarria-instalaciones-servicios.jpg 795w, https:\/\/www.residenciasarria.com\/blog\/wp-content\/uploads\/2016\/01\/residencia-sarria-instalaciones-servicios-300x57.jpg 300w, https:\/\/www.residenciasarria.com\/blog\/wp-content\/uploads\/2016\/01\/residencia-sarria-instalaciones-servicios-768x145.jpg 768w\" sizes=\"auto, (max-width: 795px) 100vw, 795px\" \/><\/a><\/p>\n\n\n<div class=\"kk-star-ratings kksr-auto kksr-align-right kksr-valign-bottom\"\n    data-payload='{&quot;align&quot;:&quot;right&quot;,&quot;id&quot;:&quot;1375&quot;,&quot;slug&quot;:&quot;default&quot;,&quot;valign&quot;:&quot;bottom&quot;,&quot;ignore&quot;:&quot;&quot;,&quot;reference&quot;:&quot;auto&quot;,&quot;class&quot;:&quot;&quot;,&quot;count&quot;:&quot;0&quot;,&quot;legendonly&quot;:&quot;&quot;,&quot;readonly&quot;:&quot;&quot;,&quot;score&quot;:&quot;0&quot;,&quot;starsonly&quot;:&quot;&quot;,&quot;best&quot;:&quot;5&quot;,&quot;gap&quot;:&quot;5&quot;,&quot;greet&quot;:&quot;Rate this post&quot;,&quot;legend&quot;:&quot;0\\\/5 - (0 votos)&quot;,&quot;size&quot;:&quot;24&quot;,&quot;title&quot;:&quot;\u00bfConoces todas las salas y espacios exclusivos de la Residencia Sarri\u00e0?&quot;,&quot;width&quot;:&quot;0&quot;,&quot;_legend&quot;:&quot;{score}\\\/{best} - ({count} {votes})&quot;,&quot;font_factor&quot;:&quot;1.25&quot;}'>\n            \n<div class=\"kksr-stars\">\n    \n<div class=\"kksr-stars-inactive\">\n            <div class=\"kksr-star\" data-star=\"1\" style=\"padding-right: 5px\">\n            \n\n<div class=\"kksr-icon\" style=\"width: 24px; height: 24px;\"><\/div>\n        <\/div>\n            <div class=\"kksr-star\" data-star=\"2\" style=\"padding-right: 5px\">\n            \n\n<div class=\"kksr-icon\" style=\"width: 24px; height: 24px;\"><\/div>\n        <\/div>\n            <div class=\"kksr-star\" data-star=\"3\" style=\"padding-right: 5px\">\n            \n\n<div class=\"kksr-icon\" style=\"width: 24px; height: 24px;\"><\/div>\n        <\/div>\n            <div class=\"kksr-star\" data-star=\"4\" style=\"padding-right: 5px\">\n            \n\n<div class=\"kksr-icon\" style=\"width: 24px; height: 24px;\"><\/div>\n        <\/div>\n            <div class=\"kksr-star\" data-star=\"5\" style=\"padding-right: 5px\">\n            \n\n<div class=\"kksr-icon\" style=\"width: 24px; height: 24px;\"><\/div>\n        <\/div>\n    <\/div>\n    \n<div class=\"kksr-stars-active\" style=\"width: 0px;\">\n            <div class=\"kksr-star\" style=\"padding-right: 5px\">\n            \n\n<div class=\"kksr-icon\" style=\"width: 24px; height: 24px;\"><\/div>\n        <\/div>\n            <div class=\"kksr-star\" style=\"padding-right: 5px\">\n            \n\n<div class=\"kksr-icon\" style=\"width: 24px; height: 24px;\"><\/div>\n        <\/div>\n            <div class=\"kksr-star\" style=\"padding-right: 5px\">\n            \n\n<div class=\"kksr-icon\" style=\"width: 24px; height: 24px;\"><\/div>\n        <\/div>\n            <div class=\"kksr-star\" style=\"padding-right: 5px\">\n            \n\n<div class=\"kksr-icon\" style=\"width: 24px; height: 24px;\"><\/div>\n        <\/div>\n            <div class=\"kksr-star\" style=\"padding-right: 5px\">\n            \n\n<div class=\"kksr-icon\" style=\"width: 24px; height: 24px;\"><\/div>\n        <\/div>\n    <\/div>\n<\/div>\n                \n\n<div class=\"kksr-legend\" style=\"font-size: 19.2px;\">\n            <span class=\"kksr-muted\">Rate this post<\/span>\n    <\/div>\n    <\/div>\n","protected":false},"excerpt":{"rendered":"<p>En la Residencia Sarri\u00e0, todas las instalaciones y salas han sido dise\u00f1adas para el desarrollo del trabajo y estudio para una \u00f3ptima formaci\u00f3n. Todos los residentes tienen accesos a estas salas de diferentes tama\u00f1os y capacidades. Adem\u00e1s, existen salas especializadas como las de inform\u00e1tica y multimedia as\u00ed como otras donde los residentes pueden realizar trabajos [&hellip;]<\/p>\n","protected":false},"author":1,"featured_media":453,"comment_status":"closed","ping_status":"open","sticky":false,"template":"","format":"standard","meta":{"_et_pb_use_builder":"","_et_pb_old_content":"","_et_gb_content_width":"","footnotes":""},"categories":[6],"tags":[],"class_list":["post-1375","post","type-post","status-publish","format-standard","has-post-thumbnail","hentry","category-estudiar-en-barcelona"],"yoast_head":"<!-- This site is optimized with the Yoast SEO plugin v23.9 - https:\/\/yoast.com\/wordpress\/plugins\/seo\/ -->\n<title>Salas y espacios Residencia Sarri\u00e0 |Residencia Universitaria Sarri\u00e0<\/title>\n<meta name=\"description\" content=\"En la Residencia Sarri\u00e0, todas las instalaciones y salas han sido dise\u00f1adas para el desarrollo del trabajo y estudio para una \u00f3ptima formaci\u00f3n.\u00a0\" \/>\n<meta name=\"robots\" content=\"index, follow, max-snippet:-1, max-image-preview:large, max-video-preview:-1\" \/>\n<link rel=\"canonical\" href=\"https:\/\/www.residenciasarria.com\/blog\/salas-espacios-residencia-sarria\/\" \/>\n<meta property=\"og:locale\" content=\"es_ES\" \/>\n<meta property=\"og:type\" content=\"article\" \/>\n<meta property=\"og:title\" content=\"Salas y espacios Residencia Sarri\u00e0 |Residencia Universitaria Sarri\u00e0\" \/>\n<meta property=\"og:description\" content=\"En la Residencia Sarri\u00e0, todas las instalaciones y salas han sido dise\u00f1adas para el desarrollo del trabajo y estudio para una \u00f3ptima formaci\u00f3n.\u00a0\" \/>\n<meta property=\"og:url\" content=\"https:\/\/www.residenciasarria.com\/blog\/salas-espacios-residencia-sarria\/\" \/>\n<meta property=\"og:site_name\" content=\"Residencia Universitaria Sarri\u00e0\" \/>\n<meta property=\"article:publisher\" content=\"http:\/\/www.facebook.com\/residenciasarria\" \/>\n<meta property=\"article:published_time\" content=\"2019-09-17T11:37:45+00:00\" \/>\n<meta property=\"article:modified_time\" content=\"2019-11-14T09:48:08+00:00\" \/>\n<meta property=\"og:image\" content=\"https:\/\/www.residenciasarria.com\/blog\/wp-content\/uploads\/2016\/08\/Sala-de-arquitectura.jpg\" \/>\n\t<meta property=\"og:image:width\" content=\"780\" \/>\n\t<meta property=\"og:image:height\" content=\"476\" \/>\n\t<meta property=\"og:image:type\" content=\"image\/jpeg\" \/>\n<meta name=\"author\" content=\"Residencia Universitaria Sarri\u00e0\" \/>\n<meta name=\"twitter:card\" content=\"summary_large_image\" \/>\n<meta name=\"twitter:creator\" content=\"@ResiSarria\" \/>\n<meta name=\"twitter:site\" content=\"@ResiSarria\" \/>\n<meta name=\"twitter:label1\" content=\"Escrito por\" \/>\n\t<meta name=\"twitter:data1\" content=\"Residencia Universitaria Sarri\u00e0\" \/>\n\t<meta name=\"twitter:label2\" content=\"Tiempo de lectura\" \/>\n\t<meta name=\"twitter:data2\" content=\"2 minutos\" \/>\n<script type=\"application\/ld+json\" class=\"yoast-schema-graph\">{\"@context\":\"https:\/\/schema.org\",\"@graph\":[{\"@type\":\"Article\",\"@id\":\"https:\/\/www.residenciasarria.com\/blog\/salas-espacios-residencia-sarria\/#article\",\"isPartOf\":{\"@id\":\"https:\/\/www.residenciasarria.com\/blog\/salas-espacios-residencia-sarria\/\"},\"author\":{\"name\":\"Residencia Universitaria Sarri\u00e0\",\"@id\":\"https:\/\/www.residenciasarria.com\/blog\/#\/schema\/person\/24647b7029df760ee1abd1ccc2dde0e2\"},\"headline\":\"\u00bfConoces todas las salas y espacios exclusivos de la Residencia Sarri\u00e0?\",\"datePublished\":\"2019-09-17T11:37:45+00:00\",\"dateModified\":\"2019-11-14T09:48:08+00:00\",\"mainEntityOfPage\":{\"@id\":\"https:\/\/www.residenciasarria.com\/blog\/salas-espacios-residencia-sarria\/\"},\"wordCount\":505,\"publisher\":{\"@id\":\"https:\/\/www.residenciasarria.com\/blog\/#organization\"},\"image\":{\"@id\":\"https:\/\/www.residenciasarria.com\/blog\/salas-espacios-residencia-sarria\/#primaryimage\"},\"thumbnailUrl\":\"https:\/\/www.residenciasarria.com\/blog\/wp-content\/uploads\/2016\/08\/Sala-de-arquitectura.jpg\",\"articleSection\":[\"Estudiar en Barcelona\"],\"inLanguage\":\"es\"},{\"@type\":\"WebPage\",\"@id\":\"https:\/\/www.residenciasarria.com\/blog\/salas-espacios-residencia-sarria\/\",\"url\":\"https:\/\/www.residenciasarria.com\/blog\/salas-espacios-residencia-sarria\/\",\"name\":\"Salas y espacios Residencia Sarri\u00e0 |Residencia Universitaria Sarri\u00e0\",\"isPartOf\":{\"@id\":\"https:\/\/www.residenciasarria.com\/blog\/#website\"},\"primaryImageOfPage\":{\"@id\":\"https:\/\/www.residenciasarria.com\/blog\/salas-espacios-residencia-sarria\/#primaryimage\"},\"image\":{\"@id\":\"https:\/\/www.residenciasarria.com\/blog\/salas-espacios-residencia-sarria\/#primaryimage\"},\"thumbnailUrl\":\"https:\/\/www.residenciasarria.com\/blog\/wp-content\/uploads\/2016\/08\/Sala-de-arquitectura.jpg\",\"datePublished\":\"2019-09-17T11:37:45+00:00\",\"dateModified\":\"2019-11-14T09:48:08+00:00\",\"description\":\"En la Residencia Sarri\u00e0, todas las instalaciones y salas han sido dise\u00f1adas para el desarrollo del trabajo y estudio para una \u00f3ptima formaci\u00f3n.\u00a0\",\"breadcrumb\":{\"@id\":\"https:\/\/www.residenciasarria.com\/blog\/salas-espacios-residencia-sarria\/#breadcrumb\"},\"inLanguage\":\"es\",\"potentialAction\":[{\"@type\":\"ReadAction\",\"target\":[\"https:\/\/www.residenciasarria.com\/blog\/salas-espacios-residencia-sarria\/\"]}]},{\"@type\":\"ImageObject\",\"inLanguage\":\"es\",\"@id\":\"https:\/\/www.residenciasarria.com\/blog\/salas-espacios-residencia-sarria\/#primaryimage\",\"url\":\"https:\/\/www.residenciasarria.com\/blog\/wp-content\/uploads\/2016\/08\/Sala-de-arquitectura.jpg\",\"contentUrl\":\"https:\/\/www.residenciasarria.com\/blog\/wp-content\/uploads\/2016\/08\/Sala-de-arquitectura.jpg\",\"width\":780,\"height\":476,\"caption\":\"salas residencia sarri\u00e0\"},{\"@type\":\"BreadcrumbList\",\"@id\":\"https:\/\/www.residenciasarria.com\/blog\/salas-espacios-residencia-sarria\/#breadcrumb\",\"itemListElement\":[{\"@type\":\"ListItem\",\"position\":1,\"name\":\"Portada\",\"item\":\"https:\/\/www.residenciasarria.com\/blog\/\"},{\"@type\":\"ListItem\",\"position\":2,\"name\":\"\u00bfConoces todas las salas y espacios exclusivos de la Residencia Sarri\u00e0?\"}]},{\"@type\":\"WebSite\",\"@id\":\"https:\/\/www.residenciasarria.com\/blog\/#website\",\"url\":\"https:\/\/www.residenciasarria.com\/blog\/\",\"name\":\"Residencia Universitaria Sarri\u00e0\",\"description\":\"La Residencia Universitaria Sarri\u00e0 es un espacio donde el estudio y el desarrollo personal son una prioridad.\",\"publisher\":{\"@id\":\"https:\/\/www.residenciasarria.com\/blog\/#organization\"},\"alternateName\":\"RUS\",\"potentialAction\":[{\"@type\":\"SearchAction\",\"target\":{\"@type\":\"EntryPoint\",\"urlTemplate\":\"https:\/\/www.residenciasarria.com\/blog\/?s={search_term_string}\"},\"query-input\":{\"@type\":\"PropertyValueSpecification\",\"valueRequired\":true,\"valueName\":\"search_term_string\"}}],\"inLanguage\":\"es\"},{\"@type\":\"Organization\",\"@id\":\"https:\/\/www.residenciasarria.com\/blog\/#organization\",\"name\":\"Residencia Universitaria Sarri\u00e0\",\"alternateName\":\"RUS\",\"url\":\"https:\/\/www.residenciasarria.com\/blog\/\",\"logo\":{\"@type\":\"ImageObject\",\"inLanguage\":\"es\",\"@id\":\"https:\/\/www.residenciasarria.com\/blog\/#\/schema\/logo\/image\/\",\"url\":\"https:\/\/www.residenciasarria.com\/blog\/wp-content\/uploads\/2024\/11\/RUS.png\",\"contentUrl\":\"https:\/\/www.residenciasarria.com\/blog\/wp-content\/uploads\/2024\/11\/RUS.png\",\"width\":512,\"height\":512,\"caption\":\"Residencia Universitaria Sarri\u00e0\"},\"image\":{\"@id\":\"https:\/\/www.residenciasarria.com\/blog\/#\/schema\/logo\/image\/\"},\"sameAs\":[\"http:\/\/www.facebook.com\/residenciasarria\",\"https:\/\/x.com\/ResiSarria\",\"https:\/\/www.youtube.com\/user\/RUSarria\"]},{\"@type\":\"Person\",\"@id\":\"https:\/\/www.residenciasarria.com\/blog\/#\/schema\/person\/24647b7029df760ee1abd1ccc2dde0e2\",\"name\":\"Residencia Universitaria Sarri\u00e0\",\"image\":{\"@type\":\"ImageObject\",\"inLanguage\":\"es\",\"@id\":\"https:\/\/www.residenciasarria.com\/blog\/#\/schema\/person\/image\/\",\"url\":\"https:\/\/secure.gravatar.com\/avatar\/7d4a5f12882eafda372a75ec36ce1153?s=96&d=mm&r=g\",\"contentUrl\":\"https:\/\/secure.gravatar.com\/avatar\/7d4a5f12882eafda372a75ec36ce1153?s=96&d=mm&r=g\",\"caption\":\"Residencia Universitaria Sarri\u00e0\"},\"url\":\"https:\/\/www.residenciasarria.com\/blog\/author\/moon\/\"}]}<\/script>\n<!-- \/ Yoast SEO plugin. -->","yoast_head_json":{"title":"Salas y espacios Residencia Sarri\u00e0 |Residencia Universitaria Sarri\u00e0","description":"En la Residencia Sarri\u00e0, todas las instalaciones y salas han sido dise\u00f1adas para el desarrollo del trabajo y estudio para una \u00f3ptima formaci\u00f3n.\u00a0","robots":{"index":"index","follow":"follow","max-snippet":"max-snippet:-1","max-image-preview":"max-image-preview:large","max-video-preview":"max-video-preview:-1"},"canonical":"https:\/\/www.residenciasarria.com\/blog\/salas-espacios-residencia-sarria\/","og_locale":"es_ES","og_type":"article","og_title":"Salas y espacios Residencia Sarri\u00e0 |Residencia Universitaria Sarri\u00e0","og_description":"En la Residencia Sarri\u00e0, todas las instalaciones y salas han sido dise\u00f1adas para el desarrollo del trabajo y estudio para una \u00f3ptima formaci\u00f3n.\u00a0","og_url":"https:\/\/www.residenciasarria.com\/blog\/salas-espacios-residencia-sarria\/","og_site_name":"Residencia Universitaria Sarri\u00e0","article_publisher":"http:\/\/www.facebook.com\/residenciasarria","article_published_time":"2019-09-17T11:37:45+00:00","article_modified_time":"2019-11-14T09:48:08+00:00","og_image":[{"width":780,"height":476,"url":"https:\/\/www.residenciasarria.com\/blog\/wp-content\/uploads\/2016\/08\/Sala-de-arquitectura.jpg","type":"image\/jpeg"}],"author":"Residencia Universitaria Sarri\u00e0","twitter_card":"summary_large_image","twitter_creator":"@ResiSarria","twitter_site":"@ResiSarria","twitter_misc":{"Escrito por":"Residencia Universitaria Sarri\u00e0","Tiempo de lectura":"2 minutos"},"schema":{"@context":"https:\/\/schema.org","@graph":[{"@type":"Article","@id":"https:\/\/www.residenciasarria.com\/blog\/salas-espacios-residencia-sarria\/#article","isPartOf":{"@id":"https:\/\/www.residenciasarria.com\/blog\/salas-espacios-residencia-sarria\/"},"author":{"name":"Residencia Universitaria Sarri\u00e0","@id":"https:\/\/www.residenciasarria.com\/blog\/#\/schema\/person\/24647b7029df760ee1abd1ccc2dde0e2"},"headline":"\u00bfConoces todas las salas y espacios exclusivos de la Residencia Sarri\u00e0?","datePublished":"2019-09-17T11:37:45+00:00","dateModified":"2019-11-14T09:48:08+00:00","mainEntityOfPage":{"@id":"https:\/\/www.residenciasarria.com\/blog\/salas-espacios-residencia-sarria\/"},"wordCount":505,"publisher":{"@id":"https:\/\/www.residenciasarria.com\/blog\/#organization"},"image":{"@id":"https:\/\/www.residenciasarria.com\/blog\/salas-espacios-residencia-sarria\/#primaryimage"},"thumbnailUrl":"https:\/\/www.residenciasarria.com\/blog\/wp-content\/uploads\/2016\/08\/Sala-de-arquitectura.jpg","articleSection":["Estudiar en Barcelona"],"inLanguage":"es"},{"@type":"WebPage","@id":"https:\/\/www.residenciasarria.com\/blog\/salas-espacios-residencia-sarria\/","url":"https:\/\/www.residenciasarria.com\/blog\/salas-espacios-residencia-sarria\/","name":"Salas y espacios Residencia Sarri\u00e0 |Residencia Universitaria Sarri\u00e0","isPartOf":{"@id":"https:\/\/www.residenciasarria.com\/blog\/#website"},"primaryImageOfPage":{"@id":"https:\/\/www.residenciasarria.com\/blog\/salas-espacios-residencia-sarria\/#primaryimage"},"image":{"@id":"https:\/\/www.residenciasarria.com\/blog\/salas-espacios-residencia-sarria\/#primaryimage"},"thumbnailUrl":"https:\/\/www.residenciasarria.com\/blog\/wp-content\/uploads\/2016\/08\/Sala-de-arquitectura.jpg","datePublished":"2019-09-17T11:37:45+00:00","dateModified":"2019-11-14T09:48:08+00:00","description":"En la Residencia Sarri\u00e0, todas las instalaciones y salas han sido dise\u00f1adas para el desarrollo del trabajo y estudio para una \u00f3ptima formaci\u00f3n.\u00a0","breadcrumb":{"@id":"https:\/\/www.residenciasarria.com\/blog\/salas-espacios-residencia-sarria\/#breadcrumb"},"inLanguage":"es","potentialAction":[{"@type":"ReadAction","target":["https:\/\/www.residenciasarria.com\/blog\/salas-espacios-residencia-sarria\/"]}]},{"@type":"ImageObject","inLanguage":"es","@id":"https:\/\/www.residenciasarria.com\/blog\/salas-espacios-residencia-sarria\/#primaryimage","url":"https:\/\/www.residenciasarria.com\/blog\/wp-content\/uploads\/2016\/08\/Sala-de-arquitectura.jpg","contentUrl":"https:\/\/www.residenciasarria.com\/blog\/wp-content\/uploads\/2016\/08\/Sala-de-arquitectura.jpg","width":780,"height":476,"caption":"salas residencia sarri\u00e0"},{"@type":"BreadcrumbList","@id":"https:\/\/www.residenciasarria.com\/blog\/salas-espacios-residencia-sarria\/#breadcrumb","itemListElement":[{"@type":"ListItem","position":1,"name":"Portada","item":"https:\/\/www.residenciasarria.com\/blog\/"},{"@type":"ListItem","position":2,"name":"\u00bfConoces todas las salas y espacios exclusivos de la Residencia Sarri\u00e0?"}]},{"@type":"WebSite","@id":"https:\/\/www.residenciasarria.com\/blog\/#website","url":"https:\/\/www.residenciasarria.com\/blog\/","name":"Residencia Universitaria Sarri\u00e0","description":"La Residencia Universitaria Sarri\u00e0 es un espacio donde el estudio y el desarrollo personal son una prioridad.","publisher":{"@id":"https:\/\/www.residenciasarria.com\/blog\/#organization"},"alternateName":"RUS","potentialAction":[{"@type":"SearchAction","target":{"@type":"EntryPoint","urlTemplate":"https:\/\/www.residenciasarria.com\/blog\/?s={search_term_string}"},"query-input":{"@type":"PropertyValueSpecification","valueRequired":true,"valueName":"search_term_string"}}],"inLanguage":"es"},{"@type":"Organization","@id":"https:\/\/www.residenciasarria.com\/blog\/#organization","name":"Residencia Universitaria Sarri\u00e0","alternateName":"RUS","url":"https:\/\/www.residenciasarria.com\/blog\/","logo":{"@type":"ImageObject","inLanguage":"es","@id":"https:\/\/www.residenciasarria.com\/blog\/#\/schema\/logo\/image\/","url":"https:\/\/www.residenciasarria.com\/blog\/wp-content\/uploads\/2024\/11\/RUS.png","contentUrl":"https:\/\/www.residenciasarria.com\/blog\/wp-content\/uploads\/2024\/11\/RUS.png","width":512,"height":512,"caption":"Residencia Universitaria Sarri\u00e0"},"image":{"@id":"https:\/\/www.residenciasarria.com\/blog\/#\/schema\/logo\/image\/"},"sameAs":["http:\/\/www.facebook.com\/residenciasarria","https:\/\/x.com\/ResiSarria","https:\/\/www.youtube.com\/user\/RUSarria"]},{"@type":"Person","@id":"https:\/\/www.residenciasarria.com\/blog\/#\/schema\/person\/24647b7029df760ee1abd1ccc2dde0e2","name":"Residencia Universitaria Sarri\u00e0","image":{"@type":"ImageObject","inLanguage":"es","@id":"https:\/\/www.residenciasarria.com\/blog\/#\/schema\/person\/image\/","url":"https:\/\/secure.gravatar.com\/avatar\/7d4a5f12882eafda372a75ec36ce1153?s=96&d=mm&r=g","contentUrl":"https:\/\/secure.gravatar.com\/avatar\/7d4a5f12882eafda372a75ec36ce1153?s=96&d=mm&r=g","caption":"Residencia Universitaria Sarri\u00e0"},"url":"https:\/\/www.residenciasarria.com\/blog\/author\/moon\/"}]}},"amp_enabled":true,"_links":{"self":[{"href":"https:\/\/www.residenciasarria.com\/blog\/wp-json\/wp\/v2\/posts\/1375","targetHints":{"allow":["GET"]}}],"collection":[{"href":"https:\/\/www.residenciasarria.com\/blog\/wp-json\/wp\/v2\/posts"}],"about":[{"href":"https:\/\/www.residenciasarria.com\/blog\/wp-json\/wp\/v2\/types\/post"}],"author":[{"embeddable":true,"href":"https:\/\/www.residenciasarria.com\/blog\/wp-json\/wp\/v2\/users\/1"}],"replies":[{"embeddable":true,"href":"https:\/\/www.residenciasarria.com\/blog\/wp-json\/wp\/v2\/comments?post=1375"}],"version-history":[{"count":1,"href":"https:\/\/www.residenciasarria.com\/blog\/wp-json\/wp\/v2\/posts\/1375\/revisions"}],"predecessor-version":[{"id":1376,"href":"https:\/\/www.residenciasarria.com\/blog\/wp-json\/wp\/v2\/posts\/1375\/revisions\/1376"}],"wp:featuredmedia":[{"embeddable":true,"href":"https:\/\/www.residenciasarria.com\/blog\/wp-json\/wp\/v2\/media\/453"}],"wp:attachment":[{"href":"https:\/\/www.residenciasarria.com\/blog\/wp-json\/wp\/v2\/media?parent=1375"}],"wp:term":[{"taxonomy":"category","embeddable":true,"href":"https:\/\/www.residenciasarria.com\/blog\/wp-json\/wp\/v2\/categories?post=1375"},{"taxonomy":"post_tag","embeddable":true,"href":"https:\/\/www.residenciasarria.com\/blog\/wp-json\/wp\/v2\/tags?post=1375"}],"curies":[{"name":"wp","href":"https:\/\/api.w.org\/{rel}","templated":true}]}}