{"id":131,"date":"2015-12-23T09:58:28","date_gmt":"2015-12-23T09:58:28","guid":{"rendered":"http:\/\/beta.residenciasarria.com\/blog\/?p=131"},"modified":"2016-03-24T07:43:57","modified_gmt":"2016-03-24T07:43:57","slug":"celebra-fin-de-ano-entorno-universitario-en-barcelona","status":"publish","type":"post","link":"https:\/\/www.residenciasarria.com\/blog\/celebra-fin-de-ano-entorno-universitario-en-barcelona\/","title":{"rendered":"Celebra fin de a\u00f1o en un entorno universitario en Barcelona"},"content":{"rendered":"<p>En estos d\u00edas de estudio y desconexi\u00f3n, celebraciones como la de fin de a\u00f1o son <strong>propicias para pasar un buen rato de convivencia y descanso<\/strong> en un entorno universitario en Barcelona, ciudad abierta y propicia para ser punto de reuni\u00f3n de estudiantes que quieran pasar esta noche m\u00e1gica en compa\u00f1\u00eda de otros que se encuentren en su misma situaci\u00f3n<\/p>\n<div id=\"ez-toc-container\" class=\"ez-toc-v2_0_81 counter-hierarchy ez-toc-counter ez-toc-grey ez-toc-container-direction\">\n<div class=\"ez-toc-title-container\">\n<p class=\"ez-toc-title\" style=\"cursor:inherit\">\u00cdndice de contenido<\/p>\n<span class=\"ez-toc-title-toggle\"><a href=\"#\" class=\"ez-toc-pull-right ez-toc-btn ez-toc-btn-xs ez-toc-btn-default ez-toc-toggle\" aria-label=\"Alternar tabla de contenidos\"><span class=\"ez-toc-js-icon-con\"><span class=\"\"><span class=\"eztoc-hide\" style=\"display:none;\">Toggle<\/span><span class=\"ez-toc-icon-toggle-span\"><svg style=\"fill: #999;color:#999\" xmlns=\"http:\/\/www.w3.org\/2000\/svg\" class=\"list-377408\" width=\"20px\" height=\"20px\" viewBox=\"0 0 24 24\" fill=\"none\"><path d=\"M6 6H4v2h2V6zm14 0H8v2h12V6zM4 11h2v2H4v-2zm16 0H8v2h12v-2zM4 16h2v2H4v-2zm16 0H8v2h12v-2z\" fill=\"currentColor\"><\/path><\/svg><svg style=\"fill: #999;color:#999\" class=\"arrow-unsorted-368013\" xmlns=\"http:\/\/www.w3.org\/2000\/svg\" width=\"10px\" height=\"10px\" viewBox=\"0 0 24 24\" version=\"1.2\" baseProfile=\"tiny\"><path d=\"M18.2 9.3l-6.2-6.3-6.2 6.3c-.2.2-.3.4-.3.7s.1.5.3.7c.2.2.4.3.7.3h11c.3 0 .5-.1.7-.3.2-.2.3-.5.3-.7s-.1-.5-.3-.7zM5.8 14.7l6.2 6.3 6.2-6.3c.2-.2.3-.5.3-.7s-.1-.5-.3-.7c-.2-.2-.4-.3-.7-.3h-11c-.3 0-.5.1-.7.3-.2.2-.3.5-.3.7s.1.5.3.7z\"\/><\/svg><\/span><\/span><\/span><\/a><\/span><\/div>\n<nav><ul class='ez-toc-list ez-toc-list-level-1 ' ><li class='ez-toc-page-1 ez-toc-heading-level-2'><a class=\"ez-toc-link ez-toc-heading-1\" href=\"https:\/\/www.residenciasarria.com\/blog\/celebra-fin-de-ano-entorno-universitario-en-barcelona\/#Unos_dias_de_convivencia_y_compania\" >Unos d\u00edas de convivencia y compa\u00f1\u00eda<\/a><\/li><li class='ez-toc-page-1 ez-toc-heading-level-2'><a class=\"ez-toc-link ez-toc-heading-2\" href=\"https:\/\/www.residenciasarria.com\/blog\/celebra-fin-de-ano-entorno-universitario-en-barcelona\/#Montjuic_epicentro_de_las_celebraciones\" >Montju\u00efc: epicentro de las celebraciones<\/a><\/li><li class='ez-toc-page-1 ez-toc-heading-level-2'><a class=\"ez-toc-link ez-toc-heading-3\" href=\"https:\/\/www.residenciasarria.com\/blog\/celebra-fin-de-ano-entorno-universitario-en-barcelona\/#Toda_una_noche_al_alcance_de_la_Residencia_Universitaria_Sarria\" >Toda una noche al alcance de la Residencia Universitaria Sarri\u00e1<\/a><\/li><\/ul><\/nav><\/div>\n<h2><span class=\"ez-toc-section\" id=\"Unos_dias_de_convivencia_y_compania\"><\/span>Unos d\u00edas de convivencia y compa\u00f1\u00eda<span class=\"ez-toc-section-end\"><\/span><\/h2>\n<p>&nbsp;<\/p>\n<p>Son muchos los estudiantes que estos d\u00edas, por residir fuera o por otras circunstancias, deciden pasar las fiestas en sus residencias sin que esto haga decaer sus \u00e1nimos de pasar unos d\u00edas de celebraci\u00f3n en buena compa\u00f1\u00eda. As\u00ed, en una ciudad con larga tradici\u00f3n universitaria como Barcelona, no ser\u00e1 dif\u00edcil <strong>encontrar la forma de reunirse con compa\u00f1eros y amigos para pasar la noche m\u00e1s m\u00e1gica del a\u00f1o en buena compa\u00f1\u00eda.<\/strong><\/p>\n<p>Desde las <a href=\"https:\/\/www.residenciasarria.com\/es\/instalaciones\/zonas-ocio\/_i:15\/\">zonas comunes y de ocio de la Residencia Universitaria Sarri\u00e1<\/a>,\u00a0se puede planificar el plan perfecto para que esta noche la ciudad ofrezca los mejores planes para pasar un rato agradable en compa\u00f1\u00eda de la comunidad universitaria.<\/p>\n<h2><span class=\"ez-toc-section\" id=\"Montjuic_epicentro_de_las_celebraciones\"><\/span>Montju\u00efc: epicentro de las celebraciones<span class=\"ez-toc-section-end\"><\/span><\/h2>\n<p>&nbsp;<\/p>\n<p>Si hay un lugar en esta noche de fin de a\u00f1o que brille con luz propia en Barcelona esa es la siempre m\u00e1gica monta\u00f1a de Montju\u00efc.<\/p>\n<p>Este es el lugar elegido por los barceloneses para<strong> reunirse en un ambiente festivo y dar la bienvenida todos juntos al nuevo a\u00f1o<\/strong>, rodeados de una explosi\u00f3n de colores, fuegos artificiales y representaciones escenogr\u00e1ficas en el que todo est\u00e1 pensado al detalle para ofrecer todo un espect\u00e1culo a quienes quieran acercarse a este bello rinc\u00f3n de la capital catalana.<\/p>\n<p>Una singular y llamativa fiesta que da comienzo en torno a las 10 de la noche y que contin\u00faa hasta las 00:30 horas, despu\u00e9s de finalizar la cuenta atr\u00e1s y habernos tomado las tradicionales uvas de la suerte. A partir de entonces no nos costar\u00e1 desplazarnos desde este emblem\u00e1tico lugar a cualquiera de las fiestas y celebraciones del nuevo a\u00f1o desplegadas por toda la ciudad.<\/p>\n<h2><span class=\"ez-toc-section\" id=\"Toda_una_noche_al_alcance_de_la_Residencia_Universitaria_Sarria\"><\/span>Toda una noche al alcance de la Residencia Universitaria Sarri\u00e1<span class=\"ez-toc-section-end\"><\/span><\/h2>\n<p>&nbsp;<\/p>\n<p>Seamos de pasar el fin de a\u00f1o en Montju\u00efc o en la no menos tradicional Plaza de Catalu\u00f1a y su entorno, podemos desplazarnos desde la Residencia Universitaria Sarri\u00e1 sin ning\u00fan tipo de problemas gracias a su<a href=\"https:\/\/www.residenciasarria.com\/es\/ubicacion\/\"> ubicaci\u00f3n y buenas conexiones<\/a> que tiene con el centro de la ciudad.<\/p>\n<p><strong>En la misma puerta de la residencia<\/strong> se puede coger el autob\u00fas de l\u00ednea 66, que nos acerca a la plaza de Catalu\u00f1a con una frecuencia de paso en torno a los 20 minutos. Misma parada donde encontramos el Nit Bus o bus nocturno si volvemos de madrugada o salimos de la residencia m\u00e1s tarde de las 22.30 horas.<\/p>\n<p>Por otra parte, nos podemos encontrar en el mismo lugar de las celebraciones de A\u00f1o Nuevo en Montju\u00efc si caminando unos ocho minutos tomamos el autob\u00fas de l\u00ednea V7 en la cercana Plaza de Borr\u00e1s, entre el final de la calle Major de Sarri\u00e1 y la V\u00eda Augusta. Este autob\u00fas nos dejar\u00e1 en la Plaza de Espa\u00f1a, <strong>portal de entrada a las celebraciones de fin de a\u00f1o en Barcelona.<br \/>\n<\/strong><\/p>\n<p>&nbsp;<\/p>\n<p><a href=\"https:\/\/www.residenciasarria.com\/es\/contactar\/\" rel=\"attachment wp-att-180\"><img loading=\"lazy\" decoding=\"async\" class=\"alignnone wp-image-180 size-full\" title=\"Contactar con la Residencia Universitaria Sarri\u00e1\" src=\"https:\/\/www.residenciasarria.com\/blog\/wp-content\/uploads\/2016\/01\/residencia-sarria-contactar.jpg\" alt=\"Contactar con la Residencia Universitaria Sarri\u00e1\" width=\"795\" height=\"150\" srcset=\"https:\/\/www.residenciasarria.com\/blog\/wp-content\/uploads\/2016\/01\/residencia-sarria-contactar.jpg 795w, https:\/\/www.residenciasarria.com\/blog\/wp-content\/uploads\/2016\/01\/residencia-sarria-contactar-300x57.jpg 300w, https:\/\/www.residenciasarria.com\/blog\/wp-content\/uploads\/2016\/01\/residencia-sarria-contactar-768x145.jpg 768w\" sizes=\"auto, (max-width: 795px) 100vw, 795px\" \/><\/a><\/p>\n\n\n<div class=\"kk-star-ratings kksr-auto kksr-align-right kksr-valign-bottom\"\n    data-payload='{&quot;align&quot;:&quot;right&quot;,&quot;id&quot;:&quot;131&quot;,&quot;slug&quot;:&quot;default&quot;,&quot;valign&quot;:&quot;bottom&quot;,&quot;ignore&quot;:&quot;&quot;,&quot;reference&quot;:&quot;auto&quot;,&quot;class&quot;:&quot;&quot;,&quot;count&quot;:&quot;2&quot;,&quot;legendonly&quot;:&quot;&quot;,&quot;readonly&quot;:&quot;&quot;,&quot;score&quot;:&quot;5&quot;,&quot;starsonly&quot;:&quot;&quot;,&quot;best&quot;:&quot;5&quot;,&quot;gap&quot;:&quot;5&quot;,&quot;greet&quot;:&quot;Rate this post&quot;,&quot;legend&quot;:&quot;5\\\/5 - (2 votos)&quot;,&quot;size&quot;:&quot;24&quot;,&quot;title&quot;:&quot;Celebra fin de a\u00f1o en un entorno universitario en Barcelona&quot;,&quot;width&quot;:&quot;142.5&quot;,&quot;_legend&quot;:&quot;{score}\\\/{best} - ({count} {votes})&quot;,&quot;font_factor&quot;:&quot;1.25&quot;}'>\n            \n<div class=\"kksr-stars\">\n    \n<div class=\"kksr-stars-inactive\">\n            <div class=\"kksr-star\" data-star=\"1\" style=\"padding-right: 5px\">\n            \n\n<div class=\"kksr-icon\" style=\"width: 24px; height: 24px;\"><\/div>\n        <\/div>\n            <div class=\"kksr-star\" data-star=\"2\" style=\"padding-right: 5px\">\n            \n\n<div class=\"kksr-icon\" style=\"width: 24px; height: 24px;\"><\/div>\n        <\/div>\n            <div class=\"kksr-star\" data-star=\"3\" style=\"padding-right: 5px\">\n            \n\n<div class=\"kksr-icon\" style=\"width: 24px; height: 24px;\"><\/div>\n        <\/div>\n            <div class=\"kksr-star\" data-star=\"4\" style=\"padding-right: 5px\">\n            \n\n<div class=\"kksr-icon\" style=\"width: 24px; height: 24px;\"><\/div>\n        <\/div>\n            <div class=\"kksr-star\" data-star=\"5\" style=\"padding-right: 5px\">\n            \n\n<div class=\"kksr-icon\" style=\"width: 24px; height: 24px;\"><\/div>\n        <\/div>\n    <\/div>\n    \n<div class=\"kksr-stars-active\" style=\"width: 142.5px;\">\n            <div class=\"kksr-star\" style=\"padding-right: 5px\">\n            \n\n<div class=\"kksr-icon\" style=\"width: 24px; height: 24px;\"><\/div>\n        <\/div>\n            <div class=\"kksr-star\" style=\"padding-right: 5px\">\n            \n\n<div class=\"kksr-icon\" style=\"width: 24px; height: 24px;\"><\/div>\n        <\/div>\n            <div class=\"kksr-star\" style=\"padding-right: 5px\">\n            \n\n<div class=\"kksr-icon\" style=\"width: 24px; height: 24px;\"><\/div>\n        <\/div>\n            <div class=\"kksr-star\" style=\"padding-right: 5px\">\n            \n\n<div class=\"kksr-icon\" style=\"width: 24px; height: 24px;\"><\/div>\n        <\/div>\n            <div class=\"kksr-star\" style=\"padding-right: 5px\">\n            \n\n<div class=\"kksr-icon\" style=\"width: 24px; height: 24px;\"><\/div>\n        <\/div>\n    <\/div>\n<\/div>\n                \n\n<div class=\"kksr-legend\" style=\"font-size: 19.2px;\">\n            5\/5 - (2 votos)    <\/div>\n    <\/div>\n","protected":false},"excerpt":{"rendered":"<p>En estos d\u00edas de estudio y desconexi\u00f3n, celebraciones como la de fin de a\u00f1o son propicias para pasar un buen rato de convivencia y descanso en un entorno universitario en Barcelona, ciudad abierta y propicia para ser punto de reuni\u00f3n de estudiantes que quieran pasar esta noche m\u00e1gica en compa\u00f1\u00eda de otros que se encuentren [&hellip;]<\/p>\n","protected":false},"author":1,"featured_media":134,"comment_status":"closed","ping_status":"open","sticky":false,"template":"","format":"standard","meta":{"_et_pb_use_builder":"","_et_pb_old_content":"","_et_gb_content_width":"","footnotes":""},"categories":[4],"tags":[],"class_list":["post-131","post","type-post","status-publish","format-standard","has-post-thumbnail","hentry","category-residir-en-barcelona"],"yoast_head":"<!-- This site is optimized with the Yoast SEO plugin v23.9 - https:\/\/yoast.com\/wordpress\/plugins\/seo\/ -->\n<title>Celebra fin de a\u00f1o en un entorno universitario en Barcelona<\/title>\n<meta name=\"description\" content=\"Fin de a\u00f1o es una buena fecha para desconectar y aun as\u00ed no perder el contacto de un entorno universitario en Barcelona con el que celebrar en compa\u00f1\u00eda\" \/>\n<meta name=\"robots\" content=\"index, follow, max-snippet:-1, max-image-preview:large, max-video-preview:-1\" \/>\n<link rel=\"canonical\" href=\"https:\/\/www.residenciasarria.com\/blog\/celebra-fin-de-ano-entorno-universitario-en-barcelona\/\" \/>\n<meta property=\"og:locale\" content=\"es_ES\" \/>\n<meta property=\"og:type\" content=\"article\" \/>\n<meta property=\"og:title\" content=\"Celebra fin de a\u00f1o en un entorno universitario en Barcelona\" \/>\n<meta property=\"og:description\" content=\"Fin de a\u00f1o es una buena fecha para desconectar y aun as\u00ed no perder el contacto de un entorno universitario en Barcelona con el que celebrar en compa\u00f1\u00eda\" \/>\n<meta property=\"og:url\" content=\"https:\/\/www.residenciasarria.com\/blog\/celebra-fin-de-ano-entorno-universitario-en-barcelona\/\" \/>\n<meta property=\"og:site_name\" content=\"Residencia Universitaria Sarri\u00e0\" \/>\n<meta property=\"article:publisher\" content=\"http:\/\/www.facebook.com\/residenciasarria\" \/>\n<meta property=\"article:published_time\" content=\"2015-12-23T09:58:28+00:00\" \/>\n<meta property=\"article:modified_time\" content=\"2016-03-24T07:43:57+00:00\" \/>\n<meta property=\"og:image\" content=\"https:\/\/www.residenciasarria.com\/blog\/wp-content\/uploads\/2015\/12\/fin-ano-barcelona.jpg\" \/>\n\t<meta property=\"og:image:width\" content=\"670\" \/>\n\t<meta property=\"og:image:height\" content=\"441\" \/>\n\t<meta property=\"og:image:type\" content=\"image\/jpeg\" \/>\n<meta name=\"author\" content=\"Residencia Universitaria Sarri\u00e0\" \/>\n<meta name=\"twitter:card\" content=\"summary_large_image\" \/>\n<meta name=\"twitter:creator\" content=\"@ResiSarria\" \/>\n<meta name=\"twitter:site\" content=\"@ResiSarria\" \/>\n<meta name=\"twitter:label1\" content=\"Escrito por\" \/>\n\t<meta name=\"twitter:data1\" content=\"Residencia Universitaria Sarri\u00e0\" \/>\n\t<meta name=\"twitter:label2\" content=\"Tiempo de lectura\" \/>\n\t<meta name=\"twitter:data2\" content=\"3 minutos\" \/>\n<script type=\"application\/ld+json\" class=\"yoast-schema-graph\">{\"@context\":\"https:\/\/schema.org\",\"@graph\":[{\"@type\":\"Article\",\"@id\":\"https:\/\/www.residenciasarria.com\/blog\/celebra-fin-de-ano-entorno-universitario-en-barcelona\/#article\",\"isPartOf\":{\"@id\":\"https:\/\/www.residenciasarria.com\/blog\/celebra-fin-de-ano-entorno-universitario-en-barcelona\/\"},\"author\":{\"name\":\"Residencia Universitaria Sarri\u00e0\",\"@id\":\"https:\/\/www.residenciasarria.com\/blog\/#\/schema\/person\/24647b7029df760ee1abd1ccc2dde0e2\"},\"headline\":\"Celebra fin de a\u00f1o en un entorno universitario en Barcelona\",\"datePublished\":\"2015-12-23T09:58:28+00:00\",\"dateModified\":\"2016-03-24T07:43:57+00:00\",\"mainEntityOfPage\":{\"@id\":\"https:\/\/www.residenciasarria.com\/blog\/celebra-fin-de-ano-entorno-universitario-en-barcelona\/\"},\"wordCount\":579,\"publisher\":{\"@id\":\"https:\/\/www.residenciasarria.com\/blog\/#organization\"},\"image\":{\"@id\":\"https:\/\/www.residenciasarria.com\/blog\/celebra-fin-de-ano-entorno-universitario-en-barcelona\/#primaryimage\"},\"thumbnailUrl\":\"https:\/\/www.residenciasarria.com\/blog\/wp-content\/uploads\/2015\/12\/fin-ano-barcelona.jpg\",\"articleSection\":[\"Residir en Barcelona\"],\"inLanguage\":\"es\"},{\"@type\":\"WebPage\",\"@id\":\"https:\/\/www.residenciasarria.com\/blog\/celebra-fin-de-ano-entorno-universitario-en-barcelona\/\",\"url\":\"https:\/\/www.residenciasarria.com\/blog\/celebra-fin-de-ano-entorno-universitario-en-barcelona\/\",\"name\":\"Celebra fin de a\u00f1o en un entorno universitario en Barcelona\",\"isPartOf\":{\"@id\":\"https:\/\/www.residenciasarria.com\/blog\/#website\"},\"primaryImageOfPage\":{\"@id\":\"https:\/\/www.residenciasarria.com\/blog\/celebra-fin-de-ano-entorno-universitario-en-barcelona\/#primaryimage\"},\"image\":{\"@id\":\"https:\/\/www.residenciasarria.com\/blog\/celebra-fin-de-ano-entorno-universitario-en-barcelona\/#primaryimage\"},\"thumbnailUrl\":\"https:\/\/www.residenciasarria.com\/blog\/wp-content\/uploads\/2015\/12\/fin-ano-barcelona.jpg\",\"datePublished\":\"2015-12-23T09:58:28+00:00\",\"dateModified\":\"2016-03-24T07:43:57+00:00\",\"description\":\"Fin de a\u00f1o es una buena fecha para desconectar y aun as\u00ed no perder el contacto de un entorno universitario en Barcelona con el que celebrar en compa\u00f1\u00eda\",\"breadcrumb\":{\"@id\":\"https:\/\/www.residenciasarria.com\/blog\/celebra-fin-de-ano-entorno-universitario-en-barcelona\/#breadcrumb\"},\"inLanguage\":\"es\",\"potentialAction\":[{\"@type\":\"ReadAction\",\"target\":[\"https:\/\/www.residenciasarria.com\/blog\/celebra-fin-de-ano-entorno-universitario-en-barcelona\/\"]}]},{\"@type\":\"ImageObject\",\"inLanguage\":\"es\",\"@id\":\"https:\/\/www.residenciasarria.com\/blog\/celebra-fin-de-ano-entorno-universitario-en-barcelona\/#primaryimage\",\"url\":\"https:\/\/www.residenciasarria.com\/blog\/wp-content\/uploads\/2015\/12\/fin-ano-barcelona.jpg\",\"contentUrl\":\"https:\/\/www.residenciasarria.com\/blog\/wp-content\/uploads\/2015\/12\/fin-ano-barcelona.jpg\",\"width\":670,\"height\":441,\"caption\":\"Barcelona es la ciudad ideal para pasar fin de a\u00f1o en un entorno universitario\"},{\"@type\":\"BreadcrumbList\",\"@id\":\"https:\/\/www.residenciasarria.com\/blog\/celebra-fin-de-ano-entorno-universitario-en-barcelona\/#breadcrumb\",\"itemListElement\":[{\"@type\":\"ListItem\",\"position\":1,\"name\":\"Portada\",\"item\":\"https:\/\/www.residenciasarria.com\/blog\/\"},{\"@type\":\"ListItem\",\"position\":2,\"name\":\"Celebra fin de a\u00f1o en un entorno universitario en Barcelona\"}]},{\"@type\":\"WebSite\",\"@id\":\"https:\/\/www.residenciasarria.com\/blog\/#website\",\"url\":\"https:\/\/www.residenciasarria.com\/blog\/\",\"name\":\"Residencia Universitaria Sarri\u00e0\",\"description\":\"La Residencia Universitaria Sarri\u00e0 es un espacio donde el estudio y el desarrollo personal son una prioridad.\",\"publisher\":{\"@id\":\"https:\/\/www.residenciasarria.com\/blog\/#organization\"},\"alternateName\":\"RUS\",\"potentialAction\":[{\"@type\":\"SearchAction\",\"target\":{\"@type\":\"EntryPoint\",\"urlTemplate\":\"https:\/\/www.residenciasarria.com\/blog\/?s={search_term_string}\"},\"query-input\":{\"@type\":\"PropertyValueSpecification\",\"valueRequired\":true,\"valueName\":\"search_term_string\"}}],\"inLanguage\":\"es\"},{\"@type\":\"Organization\",\"@id\":\"https:\/\/www.residenciasarria.com\/blog\/#organization\",\"name\":\"Residencia Universitaria Sarri\u00e0\",\"alternateName\":\"RUS\",\"url\":\"https:\/\/www.residenciasarria.com\/blog\/\",\"logo\":{\"@type\":\"ImageObject\",\"inLanguage\":\"es\",\"@id\":\"https:\/\/www.residenciasarria.com\/blog\/#\/schema\/logo\/image\/\",\"url\":\"https:\/\/www.residenciasarria.com\/blog\/wp-content\/uploads\/2024\/11\/RUS.png\",\"contentUrl\":\"https:\/\/www.residenciasarria.com\/blog\/wp-content\/uploads\/2024\/11\/RUS.png\",\"width\":512,\"height\":512,\"caption\":\"Residencia Universitaria Sarri\u00e0\"},\"image\":{\"@id\":\"https:\/\/www.residenciasarria.com\/blog\/#\/schema\/logo\/image\/\"},\"sameAs\":[\"http:\/\/www.facebook.com\/residenciasarria\",\"https:\/\/x.com\/ResiSarria\",\"https:\/\/www.youtube.com\/user\/RUSarria\"]},{\"@type\":\"Person\",\"@id\":\"https:\/\/www.residenciasarria.com\/blog\/#\/schema\/person\/24647b7029df760ee1abd1ccc2dde0e2\",\"name\":\"Residencia Universitaria Sarri\u00e0\",\"image\":{\"@type\":\"ImageObject\",\"inLanguage\":\"es\",\"@id\":\"https:\/\/www.residenciasarria.com\/blog\/#\/schema\/person\/image\/\",\"url\":\"https:\/\/secure.gravatar.com\/avatar\/7d4a5f12882eafda372a75ec36ce1153?s=96&d=mm&r=g\",\"contentUrl\":\"https:\/\/secure.gravatar.com\/avatar\/7d4a5f12882eafda372a75ec36ce1153?s=96&d=mm&r=g\",\"caption\":\"Residencia Universitaria Sarri\u00e0\"},\"url\":\"https:\/\/www.residenciasarria.com\/blog\/author\/moon\/\"}]}<\/script>\n<!-- \/ Yoast SEO plugin. -->","yoast_head_json":{"title":"Celebra fin de a\u00f1o en un entorno universitario en Barcelona","description":"Fin de a\u00f1o es una buena fecha para desconectar y aun as\u00ed no perder el contacto de un entorno universitario en Barcelona con el que celebrar en compa\u00f1\u00eda","robots":{"index":"index","follow":"follow","max-snippet":"max-snippet:-1","max-image-preview":"max-image-preview:large","max-video-preview":"max-video-preview:-1"},"canonical":"https:\/\/www.residenciasarria.com\/blog\/celebra-fin-de-ano-entorno-universitario-en-barcelona\/","og_locale":"es_ES","og_type":"article","og_title":"Celebra fin de a\u00f1o en un entorno universitario en Barcelona","og_description":"Fin de a\u00f1o es una buena fecha para desconectar y aun as\u00ed no perder el contacto de un entorno universitario en Barcelona con el que celebrar en compa\u00f1\u00eda","og_url":"https:\/\/www.residenciasarria.com\/blog\/celebra-fin-de-ano-entorno-universitario-en-barcelona\/","og_site_name":"Residencia Universitaria Sarri\u00e0","article_publisher":"http:\/\/www.facebook.com\/residenciasarria","article_published_time":"2015-12-23T09:58:28+00:00","article_modified_time":"2016-03-24T07:43:57+00:00","og_image":[{"width":670,"height":441,"url":"https:\/\/www.residenciasarria.com\/blog\/wp-content\/uploads\/2015\/12\/fin-ano-barcelona.jpg","type":"image\/jpeg"}],"author":"Residencia Universitaria Sarri\u00e0","twitter_card":"summary_large_image","twitter_creator":"@ResiSarria","twitter_site":"@ResiSarria","twitter_misc":{"Escrito por":"Residencia Universitaria Sarri\u00e0","Tiempo de lectura":"3 minutos"},"schema":{"@context":"https:\/\/schema.org","@graph":[{"@type":"Article","@id":"https:\/\/www.residenciasarria.com\/blog\/celebra-fin-de-ano-entorno-universitario-en-barcelona\/#article","isPartOf":{"@id":"https:\/\/www.residenciasarria.com\/blog\/celebra-fin-de-ano-entorno-universitario-en-barcelona\/"},"author":{"name":"Residencia Universitaria Sarri\u00e0","@id":"https:\/\/www.residenciasarria.com\/blog\/#\/schema\/person\/24647b7029df760ee1abd1ccc2dde0e2"},"headline":"Celebra fin de a\u00f1o en un entorno universitario en Barcelona","datePublished":"2015-12-23T09:58:28+00:00","dateModified":"2016-03-24T07:43:57+00:00","mainEntityOfPage":{"@id":"https:\/\/www.residenciasarria.com\/blog\/celebra-fin-de-ano-entorno-universitario-en-barcelona\/"},"wordCount":579,"publisher":{"@id":"https:\/\/www.residenciasarria.com\/blog\/#organization"},"image":{"@id":"https:\/\/www.residenciasarria.com\/blog\/celebra-fin-de-ano-entorno-universitario-en-barcelona\/#primaryimage"},"thumbnailUrl":"https:\/\/www.residenciasarria.com\/blog\/wp-content\/uploads\/2015\/12\/fin-ano-barcelona.jpg","articleSection":["Residir en Barcelona"],"inLanguage":"es"},{"@type":"WebPage","@id":"https:\/\/www.residenciasarria.com\/blog\/celebra-fin-de-ano-entorno-universitario-en-barcelona\/","url":"https:\/\/www.residenciasarria.com\/blog\/celebra-fin-de-ano-entorno-universitario-en-barcelona\/","name":"Celebra fin de a\u00f1o en un entorno universitario en Barcelona","isPartOf":{"@id":"https:\/\/www.residenciasarria.com\/blog\/#website"},"primaryImageOfPage":{"@id":"https:\/\/www.residenciasarria.com\/blog\/celebra-fin-de-ano-entorno-universitario-en-barcelona\/#primaryimage"},"image":{"@id":"https:\/\/www.residenciasarria.com\/blog\/celebra-fin-de-ano-entorno-universitario-en-barcelona\/#primaryimage"},"thumbnailUrl":"https:\/\/www.residenciasarria.com\/blog\/wp-content\/uploads\/2015\/12\/fin-ano-barcelona.jpg","datePublished":"2015-12-23T09:58:28+00:00","dateModified":"2016-03-24T07:43:57+00:00","description":"Fin de a\u00f1o es una buena fecha para desconectar y aun as\u00ed no perder el contacto de un entorno universitario en Barcelona con el que celebrar en compa\u00f1\u00eda","breadcrumb":{"@id":"https:\/\/www.residenciasarria.com\/blog\/celebra-fin-de-ano-entorno-universitario-en-barcelona\/#breadcrumb"},"inLanguage":"es","potentialAction":[{"@type":"ReadAction","target":["https:\/\/www.residenciasarria.com\/blog\/celebra-fin-de-ano-entorno-universitario-en-barcelona\/"]}]},{"@type":"ImageObject","inLanguage":"es","@id":"https:\/\/www.residenciasarria.com\/blog\/celebra-fin-de-ano-entorno-universitario-en-barcelona\/#primaryimage","url":"https:\/\/www.residenciasarria.com\/blog\/wp-content\/uploads\/2015\/12\/fin-ano-barcelona.jpg","contentUrl":"https:\/\/www.residenciasarria.com\/blog\/wp-content\/uploads\/2015\/12\/fin-ano-barcelona.jpg","width":670,"height":441,"caption":"Barcelona es la ciudad ideal para pasar fin de a\u00f1o en un entorno universitario"},{"@type":"BreadcrumbList","@id":"https:\/\/www.residenciasarria.com\/blog\/celebra-fin-de-ano-entorno-universitario-en-barcelona\/#breadcrumb","itemListElement":[{"@type":"ListItem","position":1,"name":"Portada","item":"https:\/\/www.residenciasarria.com\/blog\/"},{"@type":"ListItem","position":2,"name":"Celebra fin de a\u00f1o en un entorno universitario en Barcelona"}]},{"@type":"WebSite","@id":"https:\/\/www.residenciasarria.com\/blog\/#website","url":"https:\/\/www.residenciasarria.com\/blog\/","name":"Residencia Universitaria Sarri\u00e0","description":"La Residencia Universitaria Sarri\u00e0 es un espacio donde el estudio y el desarrollo personal son una prioridad.","publisher":{"@id":"https:\/\/www.residenciasarria.com\/blog\/#organization"},"alternateName":"RUS","potentialAction":[{"@type":"SearchAction","target":{"@type":"EntryPoint","urlTemplate":"https:\/\/www.residenciasarria.com\/blog\/?s={search_term_string}"},"query-input":{"@type":"PropertyValueSpecification","valueRequired":true,"valueName":"search_term_string"}}],"inLanguage":"es"},{"@type":"Organization","@id":"https:\/\/www.residenciasarria.com\/blog\/#organization","name":"Residencia Universitaria Sarri\u00e0","alternateName":"RUS","url":"https:\/\/www.residenciasarria.com\/blog\/","logo":{"@type":"ImageObject","inLanguage":"es","@id":"https:\/\/www.residenciasarria.com\/blog\/#\/schema\/logo\/image\/","url":"https:\/\/www.residenciasarria.com\/blog\/wp-content\/uploads\/2024\/11\/RUS.png","contentUrl":"https:\/\/www.residenciasarria.com\/blog\/wp-content\/uploads\/2024\/11\/RUS.png","width":512,"height":512,"caption":"Residencia Universitaria Sarri\u00e0"},"image":{"@id":"https:\/\/www.residenciasarria.com\/blog\/#\/schema\/logo\/image\/"},"sameAs":["http:\/\/www.facebook.com\/residenciasarria","https:\/\/x.com\/ResiSarria","https:\/\/www.youtube.com\/user\/RUSarria"]},{"@type":"Person","@id":"https:\/\/www.residenciasarria.com\/blog\/#\/schema\/person\/24647b7029df760ee1abd1ccc2dde0e2","name":"Residencia Universitaria Sarri\u00e0","image":{"@type":"ImageObject","inLanguage":"es","@id":"https:\/\/www.residenciasarria.com\/blog\/#\/schema\/person\/image\/","url":"https:\/\/secure.gravatar.com\/avatar\/7d4a5f12882eafda372a75ec36ce1153?s=96&d=mm&r=g","contentUrl":"https:\/\/secure.gravatar.com\/avatar\/7d4a5f12882eafda372a75ec36ce1153?s=96&d=mm&r=g","caption":"Residencia Universitaria Sarri\u00e0"},"url":"https:\/\/www.residenciasarria.com\/blog\/author\/moon\/"}]}},"amp_enabled":true,"_links":{"self":[{"href":"https:\/\/www.residenciasarria.com\/blog\/wp-json\/wp\/v2\/posts\/131","targetHints":{"allow":["GET"]}}],"collection":[{"href":"https:\/\/www.residenciasarria.com\/blog\/wp-json\/wp\/v2\/posts"}],"about":[{"href":"https:\/\/www.residenciasarria.com\/blog\/wp-json\/wp\/v2\/types\/post"}],"author":[{"embeddable":true,"href":"https:\/\/www.residenciasarria.com\/blog\/wp-json\/wp\/v2\/users\/1"}],"replies":[{"embeddable":true,"href":"https:\/\/www.residenciasarria.com\/blog\/wp-json\/wp\/v2\/comments?post=131"}],"version-history":[{"count":9,"href":"https:\/\/www.residenciasarria.com\/blog\/wp-json\/wp\/v2\/posts\/131\/revisions"}],"predecessor-version":[{"id":313,"href":"https:\/\/www.residenciasarria.com\/blog\/wp-json\/wp\/v2\/posts\/131\/revisions\/313"}],"wp:featuredmedia":[{"embeddable":true,"href":"https:\/\/www.residenciasarria.com\/blog\/wp-json\/wp\/v2\/media\/134"}],"wp:attachment":[{"href":"https:\/\/www.residenciasarria.com\/blog\/wp-json\/wp\/v2\/media?parent=131"}],"wp:term":[{"taxonomy":"category","embeddable":true,"href":"https:\/\/www.residenciasarria.com\/blog\/wp-json\/wp\/v2\/categories?post=131"},{"taxonomy":"post_tag","embeddable":true,"href":"https:\/\/www.residenciasarria.com\/blog\/wp-json\/wp\/v2\/tags?post=131"}],"curies":[{"name":"wp","href":"https:\/\/api.w.org\/{rel}","templated":true}]}}