{"id":1307,"date":"2019-06-07T11:56:57","date_gmt":"2019-06-07T11:56:57","guid":{"rendered":"http:\/\/www.residenciasarria.com\/blog\/?p=1307"},"modified":"2019-06-07T11:56:57","modified_gmt":"2019-06-07T11:56:57","slug":"cursos-verano-barcelona","status":"publish","type":"post","link":"https:\/\/www.residenciasarria.com\/blog\/cursos-verano-barcelona\/","title":{"rendered":"Cursos de verano en Barcelona: \u00a1este verano me quedo en la ciudad!"},"content":{"rendered":"<p>Si hay algo que hace especialmente atractivo a la ciudad condal es precisamente su clima. La cercan\u00eda al mar y su distribuci\u00f3n invitan a pasear por ella, movernos en bici, disfrutar de los atardeceres, las noches de buen tiempo\u2026<\/p>\n<p>Si durante el verano tienes la oportunidad de seguir con tu Master o doctorado durante tu estancia en la <a href=\"https:\/\/www.residenciasarria.com\/\">residencia de estudiantes<\/a> \u00a1est\u00e1s de enhorabuena! Y, si en tu caso tienes unos meses libres a la vista, te recomendamos unos <a href=\"https:\/\/www.residenciasarria.com\/es\/formacion\/\">cursos de verano en Barcelona<\/a> para hacer y poder aprovechar los mejores meses del a\u00f1o en tu ciudad favorita.<\/p>\n<p><!--more--><\/p>\n<h2><strong>Cursos y talleres con los que seguir desarroll\u00e1ndote en verano en Barcelona<\/strong><\/h2>\n<p>&nbsp;<\/p>\n<p><strong>Lengua catalana<\/strong>. Aprovecha tu estancia en la ciudad condal para iniciarte o mejorar tu formaci\u00f3n en el catal\u00e1n. Te facilitar\u00e1 la comprensi\u00f3n en tus estudios y adem\u00e1s el ejercitar idiomas nos hace sentirnos bien y es muy sano para mantener el cerebro activo y mucho m\u00e1s apto para aprender otras nuevas lenguas.<\/p>\n<p><strong>Contenido digital<\/strong>. El <a href=\"https:\/\/cibernarium.barcelonactiva.cat\/\">Cibernarium<\/a> programa cursos relacionados con la econom\u00eda digital a lo largo de todo el a\u00f1o. Los hay para todos los gustos y niveles y son muy interesantes sobre todo por su enfoque pr\u00e1ctico. Consulta su web y elige el m\u00e1s adecuado para ti. Desarrollar tus habilidades y ampliar conocimientos tecnol\u00f3gicos vendr\u00e1 muy bien a tu curriculum y te abrir\u00e1 puertas en el mercado laboral. \u00bfQu\u00e9 te apetece aprender?<\/p>\n<p><strong>Hablar en p\u00fablico<\/strong>. Si bien es cierto que en los entornos acad\u00e9micos la formaci\u00f3n es muy amplia hay determinados campos que se trabajan de forma vaga. Uno de ellos, y muy importante, es c\u00f3mo nos expresamos y comunicamos. No hace falta dedicar extensas horas curriculares a ellos pero el verano es un momento estupendo para aprender en grupo o de forma individual a hablar en p\u00fablico. Es algo que nos ser\u00e1 \u00fatil para el resto de nuestra vida y que nos vendr\u00e1 como anillo al dedo para presentar proyectos, hacer entrevistas de trabajo, mantener reuniones con clientes. Qu\u00edtate esa espinita que tienes clavada y acaba con ese pudor que te acecha cada vez que tienes que hacer presentaciones delante de muchas personas.<\/p>\n<p><strong>Mindfulness<\/strong>. Los nervios nos acompa\u00f1an a lo largo de todo el curso escolar y en verano no apetece nada dedicar nuestras horas a estudiar. Pero s\u00ed es una etapa interesante para aprender <a href=\"https:\/\/www.residenciasarria.com\/blog\/5-consejos-relajacion-estudiantes-estres\/\">t\u00e9cnicas de relajaci\u00f3n<\/a> para aplicarlas cuando la ansiedad y el estr\u00e9s lleguen en las \u00e9pocas de ex\u00e1menes. El mindfulness es una t\u00e9cnica llegada de oriente que nos ense\u00f1a a conectarnos con el presente, disfrutar de los momentos que vivimos sin importarnos tanto lo que nos ha ocurrido en el pasado o lo que est\u00e1 por llegar en el futuro. Muy pr\u00e1ctico sobre todo teniendo en cuenta de lo dif\u00edcil que es mantener la atenci\u00f3n en los tiempos que corren y que seguro nos viene fenomenal para mejorar nuestro rendimiento acad\u00e9mico.<\/p>\n<p>&nbsp;<\/p>\n<p><a href=\"https:\/\/www.residenciasarria.com\/es\/contactar\/\"><img loading=\"lazy\" decoding=\"async\" class=\"alignnone wp-image-180\" title=\"Contactar con la Residencia Universitaria Sarri\u00e0\" src=\"https:\/\/www.residenciasarria.com\/blog\/wp-content\/uploads\/2016\/01\/residencia-sarria-contactar.jpg\" sizes=\"auto, (max-width: 795px) 100vw, 795px\" srcset=\"https:\/\/www.residenciasarria.com\/blog\/wp-content\/uploads\/2016\/01\/residencia-sarria-contactar.jpg 795w, https:\/\/www.residenciasarria.com\/blog\/wp-content\/uploads\/2016\/01\/residencia-sarria-contactar-300x57.jpg 300w, https:\/\/www.residenciasarria.com\/blog\/wp-content\/uploads\/2016\/01\/residencia-sarria-contactar-768x145.jpg 768w\" alt=\"Contactar con la Residencia Universitaria Sarri\u00e0\" width=\"795\" height=\"150\" \/><\/a><\/p>\n\n\n<div class=\"kk-star-ratings kksr-auto kksr-align-right kksr-valign-bottom\"\n    data-payload='{&quot;align&quot;:&quot;right&quot;,&quot;id&quot;:&quot;1307&quot;,&quot;slug&quot;:&quot;default&quot;,&quot;valign&quot;:&quot;bottom&quot;,&quot;ignore&quot;:&quot;&quot;,&quot;reference&quot;:&quot;auto&quot;,&quot;class&quot;:&quot;&quot;,&quot;count&quot;:&quot;2&quot;,&quot;legendonly&quot;:&quot;&quot;,&quot;readonly&quot;:&quot;&quot;,&quot;score&quot;:&quot;5&quot;,&quot;starsonly&quot;:&quot;&quot;,&quot;best&quot;:&quot;5&quot;,&quot;gap&quot;:&quot;5&quot;,&quot;greet&quot;:&quot;Rate this post&quot;,&quot;legend&quot;:&quot;5\\\/5 - (2 votos)&quot;,&quot;size&quot;:&quot;24&quot;,&quot;title&quot;:&quot;Cursos de verano en Barcelona: \u00a1este verano me quedo en la ciudad!&quot;,&quot;width&quot;:&quot;142.5&quot;,&quot;_legend&quot;:&quot;{score}\\\/{best} - ({count} {votes})&quot;,&quot;font_factor&quot;:&quot;1.25&quot;}'>\n            \n<div class=\"kksr-stars\">\n    \n<div class=\"kksr-stars-inactive\">\n            <div class=\"kksr-star\" data-star=\"1\" style=\"padding-right: 5px\">\n            \n\n<div class=\"kksr-icon\" style=\"width: 24px; height: 24px;\"><\/div>\n        <\/div>\n            <div class=\"kksr-star\" data-star=\"2\" style=\"padding-right: 5px\">\n            \n\n<div class=\"kksr-icon\" style=\"width: 24px; height: 24px;\"><\/div>\n        <\/div>\n            <div class=\"kksr-star\" data-star=\"3\" style=\"padding-right: 5px\">\n            \n\n<div class=\"kksr-icon\" style=\"width: 24px; height: 24px;\"><\/div>\n        <\/div>\n            <div class=\"kksr-star\" data-star=\"4\" style=\"padding-right: 5px\">\n            \n\n<div class=\"kksr-icon\" style=\"width: 24px; height: 24px;\"><\/div>\n        <\/div>\n            <div class=\"kksr-star\" data-star=\"5\" style=\"padding-right: 5px\">\n            \n\n<div class=\"kksr-icon\" style=\"width: 24px; height: 24px;\"><\/div>\n        <\/div>\n    <\/div>\n    \n<div class=\"kksr-stars-active\" style=\"width: 142.5px;\">\n            <div class=\"kksr-star\" style=\"padding-right: 5px\">\n            \n\n<div class=\"kksr-icon\" style=\"width: 24px; height: 24px;\"><\/div>\n        <\/div>\n            <div class=\"kksr-star\" style=\"padding-right: 5px\">\n            \n\n<div class=\"kksr-icon\" style=\"width: 24px; height: 24px;\"><\/div>\n        <\/div>\n            <div class=\"kksr-star\" style=\"padding-right: 5px\">\n            \n\n<div class=\"kksr-icon\" style=\"width: 24px; height: 24px;\"><\/div>\n        <\/div>\n            <div class=\"kksr-star\" style=\"padding-right: 5px\">\n            \n\n<div class=\"kksr-icon\" style=\"width: 24px; height: 24px;\"><\/div>\n        <\/div>\n            <div class=\"kksr-star\" style=\"padding-right: 5px\">\n            \n\n<div class=\"kksr-icon\" style=\"width: 24px; height: 24px;\"><\/div>\n        <\/div>\n    <\/div>\n<\/div>\n                \n\n<div class=\"kksr-legend\" style=\"font-size: 19.2px;\">\n            5\/5 - (2 votos)    <\/div>\n    <\/div>\n","protected":false},"excerpt":{"rendered":"<p>Si hay algo que hace especialmente atractivo a la ciudad condal es precisamente su clima. La cercan\u00eda al mar y su distribuci\u00f3n invitan a pasear por ella, movernos en bici, disfrutar de los atardeceres, las noches de buen tiempo\u2026 Si durante el verano tienes la oportunidad de seguir con tu Master o doctorado durante tu [&hellip;]<\/p>\n","protected":false},"author":1,"featured_media":1308,"comment_status":"closed","ping_status":"open","sticky":false,"template":"","format":"standard","meta":{"_et_pb_use_builder":"","_et_pb_old_content":"","_et_gb_content_width":"","footnotes":""},"categories":[6],"tags":[],"class_list":["post-1307","post","type-post","status-publish","format-standard","has-post-thumbnail","hentry","category-estudiar-en-barcelona"],"yoast_head":"<!-- This site is optimized with the Yoast SEO plugin v23.9 - https:\/\/yoast.com\/wordpress\/plugins\/seo\/ -->\n<title>Cursos de verano en Barcelona: propuestas para 2019<\/title>\n<meta name=\"description\" content=\"Cursos y talleres con los que seguir desarroll\u00e1ndote en verano en Barcelona tras la \u00e9poca de ex\u00e1menes y antes del inicio de un nuevo curso escolar\" \/>\n<meta name=\"robots\" content=\"index, follow, max-snippet:-1, max-image-preview:large, max-video-preview:-1\" \/>\n<link rel=\"canonical\" href=\"https:\/\/www.residenciasarria.com\/blog\/cursos-verano-barcelona\/\" \/>\n<meta property=\"og:locale\" content=\"es_ES\" \/>\n<meta property=\"og:type\" content=\"article\" \/>\n<meta property=\"og:title\" content=\"Cursos de verano en Barcelona: propuestas para 2019\" \/>\n<meta property=\"og:description\" content=\"Cursos y talleres con los que seguir desarroll\u00e1ndote en verano en Barcelona tras la \u00e9poca de ex\u00e1menes y antes del inicio de un nuevo curso escolar\" \/>\n<meta property=\"og:url\" content=\"https:\/\/www.residenciasarria.com\/blog\/cursos-verano-barcelona\/\" \/>\n<meta property=\"og:site_name\" content=\"Residencia Universitaria Sarri\u00e0\" \/>\n<meta property=\"article:publisher\" content=\"http:\/\/www.facebook.com\/residenciasarria\" \/>\n<meta property=\"article:published_time\" content=\"2019-06-07T11:56:57+00:00\" \/>\n<meta property=\"og:image\" content=\"https:\/\/www.residenciasarria.com\/blog\/wp-content\/uploads\/2019\/06\/cursos-verano-barcelona.jpg\" \/>\n\t<meta property=\"og:image:width\" content=\"1000\" \/>\n\t<meta property=\"og:image:height\" content=\"666\" \/>\n\t<meta property=\"og:image:type\" content=\"image\/jpeg\" \/>\n<meta name=\"author\" content=\"Residencia Universitaria Sarri\u00e0\" \/>\n<meta name=\"twitter:card\" content=\"summary_large_image\" \/>\n<meta name=\"twitter:creator\" content=\"@ResiSarria\" \/>\n<meta name=\"twitter:site\" content=\"@ResiSarria\" \/>\n<meta name=\"twitter:label1\" content=\"Escrito por\" \/>\n\t<meta name=\"twitter:data1\" content=\"Residencia Universitaria Sarri\u00e0\" \/>\n\t<meta name=\"twitter:label2\" content=\"Tiempo de lectura\" \/>\n\t<meta name=\"twitter:data2\" content=\"3 minutos\" \/>\n<script type=\"application\/ld+json\" class=\"yoast-schema-graph\">{\"@context\":\"https:\/\/schema.org\",\"@graph\":[{\"@type\":\"Article\",\"@id\":\"https:\/\/www.residenciasarria.com\/blog\/cursos-verano-barcelona\/#article\",\"isPartOf\":{\"@id\":\"https:\/\/www.residenciasarria.com\/blog\/cursos-verano-barcelona\/\"},\"author\":{\"name\":\"Residencia Universitaria Sarri\u00e0\",\"@id\":\"https:\/\/www.residenciasarria.com\/blog\/#\/schema\/person\/24647b7029df760ee1abd1ccc2dde0e2\"},\"headline\":\"Cursos de verano en Barcelona: \u00a1este verano me quedo en la ciudad!\",\"datePublished\":\"2019-06-07T11:56:57+00:00\",\"dateModified\":\"2019-06-07T11:56:57+00:00\",\"mainEntityOfPage\":{\"@id\":\"https:\/\/www.residenciasarria.com\/blog\/cursos-verano-barcelona\/\"},\"wordCount\":523,\"publisher\":{\"@id\":\"https:\/\/www.residenciasarria.com\/blog\/#organization\"},\"image\":{\"@id\":\"https:\/\/www.residenciasarria.com\/blog\/cursos-verano-barcelona\/#primaryimage\"},\"thumbnailUrl\":\"https:\/\/www.residenciasarria.com\/blog\/wp-content\/uploads\/2019\/06\/cursos-verano-barcelona.jpg\",\"articleSection\":[\"Estudiar en Barcelona\"],\"inLanguage\":\"es\"},{\"@type\":\"WebPage\",\"@id\":\"https:\/\/www.residenciasarria.com\/blog\/cursos-verano-barcelona\/\",\"url\":\"https:\/\/www.residenciasarria.com\/blog\/cursos-verano-barcelona\/\",\"name\":\"Cursos de verano en Barcelona: propuestas para 2019\",\"isPartOf\":{\"@id\":\"https:\/\/www.residenciasarria.com\/blog\/#website\"},\"primaryImageOfPage\":{\"@id\":\"https:\/\/www.residenciasarria.com\/blog\/cursos-verano-barcelona\/#primaryimage\"},\"image\":{\"@id\":\"https:\/\/www.residenciasarria.com\/blog\/cursos-verano-barcelona\/#primaryimage\"},\"thumbnailUrl\":\"https:\/\/www.residenciasarria.com\/blog\/wp-content\/uploads\/2019\/06\/cursos-verano-barcelona.jpg\",\"datePublished\":\"2019-06-07T11:56:57+00:00\",\"dateModified\":\"2019-06-07T11:56:57+00:00\",\"description\":\"Cursos y talleres con los que seguir desarroll\u00e1ndote en verano en Barcelona tras la \u00e9poca de ex\u00e1menes y antes del inicio de un nuevo curso escolar\",\"breadcrumb\":{\"@id\":\"https:\/\/www.residenciasarria.com\/blog\/cursos-verano-barcelona\/#breadcrumb\"},\"inLanguage\":\"es\",\"potentialAction\":[{\"@type\":\"ReadAction\",\"target\":[\"https:\/\/www.residenciasarria.com\/blog\/cursos-verano-barcelona\/\"]}]},{\"@type\":\"ImageObject\",\"inLanguage\":\"es\",\"@id\":\"https:\/\/www.residenciasarria.com\/blog\/cursos-verano-barcelona\/#primaryimage\",\"url\":\"https:\/\/www.residenciasarria.com\/blog\/wp-content\/uploads\/2019\/06\/cursos-verano-barcelona.jpg\",\"contentUrl\":\"https:\/\/www.residenciasarria.com\/blog\/wp-content\/uploads\/2019\/06\/cursos-verano-barcelona.jpg\",\"width\":1000,\"height\":666,\"caption\":\"Cursos y talleres para hacer en verano en Barcelona\"},{\"@type\":\"BreadcrumbList\",\"@id\":\"https:\/\/www.residenciasarria.com\/blog\/cursos-verano-barcelona\/#breadcrumb\",\"itemListElement\":[{\"@type\":\"ListItem\",\"position\":1,\"name\":\"Portada\",\"item\":\"https:\/\/www.residenciasarria.com\/blog\/\"},{\"@type\":\"ListItem\",\"position\":2,\"name\":\"Cursos de verano en Barcelona: \u00a1este verano me quedo en la ciudad!\"}]},{\"@type\":\"WebSite\",\"@id\":\"https:\/\/www.residenciasarria.com\/blog\/#website\",\"url\":\"https:\/\/www.residenciasarria.com\/blog\/\",\"name\":\"Residencia Universitaria Sarri\u00e0\",\"description\":\"La Residencia Universitaria Sarri\u00e0 es un espacio donde el estudio y el desarrollo personal son una prioridad.\",\"publisher\":{\"@id\":\"https:\/\/www.residenciasarria.com\/blog\/#organization\"},\"alternateName\":\"RUS\",\"potentialAction\":[{\"@type\":\"SearchAction\",\"target\":{\"@type\":\"EntryPoint\",\"urlTemplate\":\"https:\/\/www.residenciasarria.com\/blog\/?s={search_term_string}\"},\"query-input\":{\"@type\":\"PropertyValueSpecification\",\"valueRequired\":true,\"valueName\":\"search_term_string\"}}],\"inLanguage\":\"es\"},{\"@type\":\"Organization\",\"@id\":\"https:\/\/www.residenciasarria.com\/blog\/#organization\",\"name\":\"Residencia Universitaria Sarri\u00e0\",\"alternateName\":\"RUS\",\"url\":\"https:\/\/www.residenciasarria.com\/blog\/\",\"logo\":{\"@type\":\"ImageObject\",\"inLanguage\":\"es\",\"@id\":\"https:\/\/www.residenciasarria.com\/blog\/#\/schema\/logo\/image\/\",\"url\":\"https:\/\/www.residenciasarria.com\/blog\/wp-content\/uploads\/2024\/11\/RUS.png\",\"contentUrl\":\"https:\/\/www.residenciasarria.com\/blog\/wp-content\/uploads\/2024\/11\/RUS.png\",\"width\":512,\"height\":512,\"caption\":\"Residencia Universitaria Sarri\u00e0\"},\"image\":{\"@id\":\"https:\/\/www.residenciasarria.com\/blog\/#\/schema\/logo\/image\/\"},\"sameAs\":[\"http:\/\/www.facebook.com\/residenciasarria\",\"https:\/\/x.com\/ResiSarria\",\"https:\/\/www.youtube.com\/user\/RUSarria\"]},{\"@type\":\"Person\",\"@id\":\"https:\/\/www.residenciasarria.com\/blog\/#\/schema\/person\/24647b7029df760ee1abd1ccc2dde0e2\",\"name\":\"Residencia Universitaria Sarri\u00e0\",\"image\":{\"@type\":\"ImageObject\",\"inLanguage\":\"es\",\"@id\":\"https:\/\/www.residenciasarria.com\/blog\/#\/schema\/person\/image\/\",\"url\":\"https:\/\/secure.gravatar.com\/avatar\/7d4a5f12882eafda372a75ec36ce1153?s=96&d=mm&r=g\",\"contentUrl\":\"https:\/\/secure.gravatar.com\/avatar\/7d4a5f12882eafda372a75ec36ce1153?s=96&d=mm&r=g\",\"caption\":\"Residencia Universitaria Sarri\u00e0\"},\"url\":\"https:\/\/www.residenciasarria.com\/blog\/author\/moon\/\"}]}<\/script>\n<!-- \/ Yoast SEO plugin. -->","yoast_head_json":{"title":"Cursos de verano en Barcelona: propuestas para 2019","description":"Cursos y talleres con los que seguir desarroll\u00e1ndote en verano en Barcelona tras la \u00e9poca de ex\u00e1menes y antes del inicio de un nuevo curso escolar","robots":{"index":"index","follow":"follow","max-snippet":"max-snippet:-1","max-image-preview":"max-image-preview:large","max-video-preview":"max-video-preview:-1"},"canonical":"https:\/\/www.residenciasarria.com\/blog\/cursos-verano-barcelona\/","og_locale":"es_ES","og_type":"article","og_title":"Cursos de verano en Barcelona: propuestas para 2019","og_description":"Cursos y talleres con los que seguir desarroll\u00e1ndote en verano en Barcelona tras la \u00e9poca de ex\u00e1menes y antes del inicio de un nuevo curso escolar","og_url":"https:\/\/www.residenciasarria.com\/blog\/cursos-verano-barcelona\/","og_site_name":"Residencia Universitaria Sarri\u00e0","article_publisher":"http:\/\/www.facebook.com\/residenciasarria","article_published_time":"2019-06-07T11:56:57+00:00","og_image":[{"width":1000,"height":666,"url":"https:\/\/www.residenciasarria.com\/blog\/wp-content\/uploads\/2019\/06\/cursos-verano-barcelona.jpg","type":"image\/jpeg"}],"author":"Residencia Universitaria Sarri\u00e0","twitter_card":"summary_large_image","twitter_creator":"@ResiSarria","twitter_site":"@ResiSarria","twitter_misc":{"Escrito por":"Residencia Universitaria Sarri\u00e0","Tiempo de lectura":"3 minutos"},"schema":{"@context":"https:\/\/schema.org","@graph":[{"@type":"Article","@id":"https:\/\/www.residenciasarria.com\/blog\/cursos-verano-barcelona\/#article","isPartOf":{"@id":"https:\/\/www.residenciasarria.com\/blog\/cursos-verano-barcelona\/"},"author":{"name":"Residencia Universitaria Sarri\u00e0","@id":"https:\/\/www.residenciasarria.com\/blog\/#\/schema\/person\/24647b7029df760ee1abd1ccc2dde0e2"},"headline":"Cursos de verano en Barcelona: \u00a1este verano me quedo en la ciudad!","datePublished":"2019-06-07T11:56:57+00:00","dateModified":"2019-06-07T11:56:57+00:00","mainEntityOfPage":{"@id":"https:\/\/www.residenciasarria.com\/blog\/cursos-verano-barcelona\/"},"wordCount":523,"publisher":{"@id":"https:\/\/www.residenciasarria.com\/blog\/#organization"},"image":{"@id":"https:\/\/www.residenciasarria.com\/blog\/cursos-verano-barcelona\/#primaryimage"},"thumbnailUrl":"https:\/\/www.residenciasarria.com\/blog\/wp-content\/uploads\/2019\/06\/cursos-verano-barcelona.jpg","articleSection":["Estudiar en Barcelona"],"inLanguage":"es"},{"@type":"WebPage","@id":"https:\/\/www.residenciasarria.com\/blog\/cursos-verano-barcelona\/","url":"https:\/\/www.residenciasarria.com\/blog\/cursos-verano-barcelona\/","name":"Cursos de verano en Barcelona: propuestas para 2019","isPartOf":{"@id":"https:\/\/www.residenciasarria.com\/blog\/#website"},"primaryImageOfPage":{"@id":"https:\/\/www.residenciasarria.com\/blog\/cursos-verano-barcelona\/#primaryimage"},"image":{"@id":"https:\/\/www.residenciasarria.com\/blog\/cursos-verano-barcelona\/#primaryimage"},"thumbnailUrl":"https:\/\/www.residenciasarria.com\/blog\/wp-content\/uploads\/2019\/06\/cursos-verano-barcelona.jpg","datePublished":"2019-06-07T11:56:57+00:00","dateModified":"2019-06-07T11:56:57+00:00","description":"Cursos y talleres con los que seguir desarroll\u00e1ndote en verano en Barcelona tras la \u00e9poca de ex\u00e1menes y antes del inicio de un nuevo curso escolar","breadcrumb":{"@id":"https:\/\/www.residenciasarria.com\/blog\/cursos-verano-barcelona\/#breadcrumb"},"inLanguage":"es","potentialAction":[{"@type":"ReadAction","target":["https:\/\/www.residenciasarria.com\/blog\/cursos-verano-barcelona\/"]}]},{"@type":"ImageObject","inLanguage":"es","@id":"https:\/\/www.residenciasarria.com\/blog\/cursos-verano-barcelona\/#primaryimage","url":"https:\/\/www.residenciasarria.com\/blog\/wp-content\/uploads\/2019\/06\/cursos-verano-barcelona.jpg","contentUrl":"https:\/\/www.residenciasarria.com\/blog\/wp-content\/uploads\/2019\/06\/cursos-verano-barcelona.jpg","width":1000,"height":666,"caption":"Cursos y talleres para hacer en verano en Barcelona"},{"@type":"BreadcrumbList","@id":"https:\/\/www.residenciasarria.com\/blog\/cursos-verano-barcelona\/#breadcrumb","itemListElement":[{"@type":"ListItem","position":1,"name":"Portada","item":"https:\/\/www.residenciasarria.com\/blog\/"},{"@type":"ListItem","position":2,"name":"Cursos de verano en Barcelona: \u00a1este verano me quedo en la ciudad!"}]},{"@type":"WebSite","@id":"https:\/\/www.residenciasarria.com\/blog\/#website","url":"https:\/\/www.residenciasarria.com\/blog\/","name":"Residencia Universitaria Sarri\u00e0","description":"La Residencia Universitaria Sarri\u00e0 es un espacio donde el estudio y el desarrollo personal son una prioridad.","publisher":{"@id":"https:\/\/www.residenciasarria.com\/blog\/#organization"},"alternateName":"RUS","potentialAction":[{"@type":"SearchAction","target":{"@type":"EntryPoint","urlTemplate":"https:\/\/www.residenciasarria.com\/blog\/?s={search_term_string}"},"query-input":{"@type":"PropertyValueSpecification","valueRequired":true,"valueName":"search_term_string"}}],"inLanguage":"es"},{"@type":"Organization","@id":"https:\/\/www.residenciasarria.com\/blog\/#organization","name":"Residencia Universitaria Sarri\u00e0","alternateName":"RUS","url":"https:\/\/www.residenciasarria.com\/blog\/","logo":{"@type":"ImageObject","inLanguage":"es","@id":"https:\/\/www.residenciasarria.com\/blog\/#\/schema\/logo\/image\/","url":"https:\/\/www.residenciasarria.com\/blog\/wp-content\/uploads\/2024\/11\/RUS.png","contentUrl":"https:\/\/www.residenciasarria.com\/blog\/wp-content\/uploads\/2024\/11\/RUS.png","width":512,"height":512,"caption":"Residencia Universitaria Sarri\u00e0"},"image":{"@id":"https:\/\/www.residenciasarria.com\/blog\/#\/schema\/logo\/image\/"},"sameAs":["http:\/\/www.facebook.com\/residenciasarria","https:\/\/x.com\/ResiSarria","https:\/\/www.youtube.com\/user\/RUSarria"]},{"@type":"Person","@id":"https:\/\/www.residenciasarria.com\/blog\/#\/schema\/person\/24647b7029df760ee1abd1ccc2dde0e2","name":"Residencia Universitaria Sarri\u00e0","image":{"@type":"ImageObject","inLanguage":"es","@id":"https:\/\/www.residenciasarria.com\/blog\/#\/schema\/person\/image\/","url":"https:\/\/secure.gravatar.com\/avatar\/7d4a5f12882eafda372a75ec36ce1153?s=96&d=mm&r=g","contentUrl":"https:\/\/secure.gravatar.com\/avatar\/7d4a5f12882eafda372a75ec36ce1153?s=96&d=mm&r=g","caption":"Residencia Universitaria Sarri\u00e0"},"url":"https:\/\/www.residenciasarria.com\/blog\/author\/moon\/"}]}},"amp_enabled":true,"_links":{"self":[{"href":"https:\/\/www.residenciasarria.com\/blog\/wp-json\/wp\/v2\/posts\/1307","targetHints":{"allow":["GET"]}}],"collection":[{"href":"https:\/\/www.residenciasarria.com\/blog\/wp-json\/wp\/v2\/posts"}],"about":[{"href":"https:\/\/www.residenciasarria.com\/blog\/wp-json\/wp\/v2\/types\/post"}],"author":[{"embeddable":true,"href":"https:\/\/www.residenciasarria.com\/blog\/wp-json\/wp\/v2\/users\/1"}],"replies":[{"embeddable":true,"href":"https:\/\/www.residenciasarria.com\/blog\/wp-json\/wp\/v2\/comments?post=1307"}],"version-history":[{"count":1,"href":"https:\/\/www.residenciasarria.com\/blog\/wp-json\/wp\/v2\/posts\/1307\/revisions"}],"predecessor-version":[{"id":1309,"href":"https:\/\/www.residenciasarria.com\/blog\/wp-json\/wp\/v2\/posts\/1307\/revisions\/1309"}],"wp:featuredmedia":[{"embeddable":true,"href":"https:\/\/www.residenciasarria.com\/blog\/wp-json\/wp\/v2\/media\/1308"}],"wp:attachment":[{"href":"https:\/\/www.residenciasarria.com\/blog\/wp-json\/wp\/v2\/media?parent=1307"}],"wp:term":[{"taxonomy":"category","embeddable":true,"href":"https:\/\/www.residenciasarria.com\/blog\/wp-json\/wp\/v2\/categories?post=1307"},{"taxonomy":"post_tag","embeddable":true,"href":"https:\/\/www.residenciasarria.com\/blog\/wp-json\/wp\/v2\/tags?post=1307"}],"curies":[{"name":"wp","href":"https:\/\/api.w.org\/{rel}","templated":true}]}}