{"id":1107,"date":"2018-09-13T14:56:13","date_gmt":"2018-09-13T14:56:13","guid":{"rendered":"http:\/\/www.residenciasarria.com\/blog\/?p=1107"},"modified":"2018-09-13T15:03:37","modified_gmt":"2018-09-13T15:03:37","slug":"que-hacer-fiestas-merce-2018","status":"publish","type":"post","link":"https:\/\/www.residenciasarria.com\/blog\/que-hacer-fiestas-merce-2018\/","title":{"rendered":"Qu\u00e9 hacer en las Fiestas de la Merc\u00e8 2018"},"content":{"rendered":"<p>La gran fiesta de Barcelona lleva nombre de mujer. Cada a\u00f1o, en torno al 24 de septiembre, toda la ciudad se viste de gala y cada rinc\u00f3n es un lugar \u00fanico en el que dif\u00edcilmente se escape poder ver un espect\u00e1culo de arte callejero, un concierto o se improvise alguna performance. M\u00e1s de 500 espect\u00e1culos gratuitos en total forman parte de la nutrida agenda cultural que, durante 4 d\u00edas, se despliega en la capital mediterr\u00e1nea.<\/p>\n<p>Este a\u00f1o, las fechas en rojo en el calendario quedan marcadas del 21 al 24 de septiembre, con una ciudad, Lisboa, como ciudad invitada compartiendo protagonismo con las mujeres, a las que se les dedica un espect\u00e1culo, y el r\u00edo Bes\u00f2s, cuya ribera se convierte en escenario por primera vez.<\/p>\n<p>\u00bfQuieres saber cu\u00e1les son los eventos m\u00e1s imprescindibles de las fiestas de la Merc\u00e8 2018? Desde la <a href=\"https:\/\/residenciasarria.com\/\">Residencia Sarri\u00e0<\/a> te contamos lo m\u00e1s destacable de esta edici\u00f3n y los cl\u00e1sicos que nunca debemos perdernos.<\/p>\n<p>&nbsp;<\/p>\n<div id=\"ez-toc-container\" class=\"ez-toc-v2_0_81 counter-hierarchy ez-toc-counter ez-toc-grey ez-toc-container-direction\">\n<div class=\"ez-toc-title-container\">\n<p class=\"ez-toc-title\" style=\"cursor:inherit\">\u00cdndice de contenido<\/p>\n<span class=\"ez-toc-title-toggle\"><a href=\"#\" class=\"ez-toc-pull-right ez-toc-btn ez-toc-btn-xs ez-toc-btn-default ez-toc-toggle\" aria-label=\"Alternar tabla de contenidos\"><span class=\"ez-toc-js-icon-con\"><span class=\"\"><span class=\"eztoc-hide\" style=\"display:none;\">Toggle<\/span><span class=\"ez-toc-icon-toggle-span\"><svg style=\"fill: #999;color:#999\" xmlns=\"http:\/\/www.w3.org\/2000\/svg\" class=\"list-377408\" width=\"20px\" height=\"20px\" viewBox=\"0 0 24 24\" fill=\"none\"><path d=\"M6 6H4v2h2V6zm14 0H8v2h12V6zM4 11h2v2H4v-2zm16 0H8v2h12v-2zM4 16h2v2H4v-2zm16 0H8v2h12v-2z\" fill=\"currentColor\"><\/path><\/svg><svg style=\"fill: #999;color:#999\" class=\"arrow-unsorted-368013\" xmlns=\"http:\/\/www.w3.org\/2000\/svg\" width=\"10px\" height=\"10px\" viewBox=\"0 0 24 24\" version=\"1.2\" baseProfile=\"tiny\"><path d=\"M18.2 9.3l-6.2-6.3-6.2 6.3c-.2.2-.3.4-.3.7s.1.5.3.7c.2.2.4.3.7.3h11c.3 0 .5-.1.7-.3.2-.2.3-.5.3-.7s-.1-.5-.3-.7zM5.8 14.7l6.2 6.3 6.2-6.3c.2-.2.3-.5.3-.7s-.1-.5-.3-.7c-.2-.2-.4-.3-.7-.3h-11c-.3 0-.5.1-.7.3-.2.2-.3.5-.3.7s.1.5.3.7z\"\/><\/svg><\/span><\/span><\/span><\/a><\/span><\/div>\n<nav><ul class='ez-toc-list ez-toc-list-level-1 ' ><li class='ez-toc-page-1 ez-toc-heading-level-2'><a class=\"ez-toc-link ez-toc-heading-1\" href=\"https:\/\/www.residenciasarria.com\/blog\/que-hacer-fiestas-merce-2018\/#Lo_mas_destacado_de_las_Fiestas_de_la_Merce_2018\" >Lo m\u00e1s destacado de las Fiestas de la Merc\u00e8 2018<\/a><ul class='ez-toc-list-level-3' ><li class='ez-toc-heading-level-3'><a class=\"ez-toc-link ez-toc-heading-2\" href=\"https:\/\/www.residenciasarria.com\/blog\/que-hacer-fiestas-merce-2018\/#Los_conciertos_de_las_fiestas_de_la_Merce_2018\" >Los conciertos de las fiestas de la Merc\u00e8 2018<\/a><\/li><li class='ez-toc-page-1 ez-toc-heading-level-3'><a class=\"ez-toc-link ez-toc-heading-3\" href=\"https:\/\/www.residenciasarria.com\/blog\/que-hacer-fiestas-merce-2018\/#Merce_Arts_al_Carrer_MAC_Festival\" >Merc\u00e8 Arts al Carrer (MAC Festival)<\/a><\/li><li class='ez-toc-page-1 ez-toc-heading-level-3'><a class=\"ez-toc-link ez-toc-heading-4\" href=\"https:\/\/www.residenciasarria.com\/blog\/que-hacer-fiestas-merce-2018\/#Via_Laietana_libre_de_coches\" >Via Laietana libre de coches<\/a><\/li><\/ul><\/li><li class='ez-toc-page-1 ez-toc-heading-level-2'><a class=\"ez-toc-link ez-toc-heading-5\" href=\"https:\/\/www.residenciasarria.com\/blog\/que-hacer-fiestas-merce-2018\/#Los_grandes_clasicos_de_las_Fiestas_de_la_Merce_2018\" >Los grandes cl\u00e1sicos de las Fiestas de la Merc\u00e8 2018<\/a><ul class='ez-toc-list-level-3' ><li class='ez-toc-heading-level-3'><a class=\"ez-toc-link ez-toc-heading-6\" href=\"https:\/\/www.residenciasarria.com\/blog\/que-hacer-fiestas-merce-2018\/#El_pregon\" >El preg\u00f3n<\/a><\/li><li class='ez-toc-page-1 ez-toc-heading-level-3'><a class=\"ez-toc-link ez-toc-heading-7\" href=\"https:\/\/www.residenciasarria.com\/blog\/que-hacer-fiestas-merce-2018\/#El_sequito\" >El s\u00e9quito<\/a><\/li><li class='ez-toc-page-1 ez-toc-heading-level-3'><a class=\"ez-toc-link ez-toc-heading-8\" href=\"https:\/\/www.residenciasarria.com\/blog\/que-hacer-fiestas-merce-2018\/#XXI_Festival_Pirotecnico\" >XXI Festival Pirot\u00e9cnico<\/a><\/li><li class='ez-toc-page-1 ez-toc-heading-level-3'><a class=\"ez-toc-link ez-toc-heading-9\" href=\"https:\/\/www.residenciasarria.com\/blog\/que-hacer-fiestas-merce-2018\/#El_Piromusical\" >El Piromusical<\/a><ul class='ez-toc-list-level-6' ><li class='ez-toc-heading-level-6'><ul class='ez-toc-list-level-6' ><li class='ez-toc-heading-level-6'><ul class='ez-toc-list-level-6' ><li class='ez-toc-heading-level-6'><a class=\"ez-toc-link ez-toc-heading-10\" href=\"https:\/\/www.residenciasarria.com\/blog\/que-hacer-fiestas-merce-2018\/#Credito_de_la_imagen_principal_Toniher_para_Wikipedia_Commons\" >Cr\u00e9dito de la imagen principal:\u00a0Toniher\u00a0para Wikipedia Commons.<\/a><\/li><\/ul><\/li><\/ul><\/li><\/ul><\/li><\/ul><\/li><\/ul><\/nav><\/div>\n<h2><span class=\"ez-toc-section\" id=\"Lo_mas_destacado_de_las_Fiestas_de_la_Merce_2018\"><\/span>Lo m\u00e1s destacado de las Fiestas de la Merc\u00e8 2018<span class=\"ez-toc-section-end\"><\/span><\/h2>\n<h3><\/h3>\n<p>&nbsp;<\/p>\n<h3><span class=\"ez-toc-section\" id=\"Los_conciertos_de_las_fiestas_de_la_Merce_2018\"><\/span>Los conciertos de las fiestas de la Merc\u00e8 2018<span class=\"ez-toc-section-end\"><\/span><\/h3>\n<p>&nbsp;<\/p>\n<p>&nbsp;<\/p>\n<p>Es lo que a\u00f1o tras a\u00f1o m\u00e1s buscan y desean los m\u00e1s mel\u00f3manos, que entre el BAM (Barcelona Acci\u00f2 Musical, festival exclusivo de estas fiestas), los conciertos de la Avenida Mar\u00eda Cristina (organizados por las principales emisoras de radio de Catalu\u00f1a) y los que se despliegan a lo largo y ancho de los barrios, disponen de una oferta comprendida por 40 escenarios por los que pasar\u00e1n 211 grupos y artistas. \u00bfCu\u00e1les son los conciertos de la Merc\u00e8 m\u00e1s buscados de este a\u00f1o?<\/p>\n<p>&nbsp;<\/p>\n<ul>\n<li><strong>Dr. Calypso\u00a0 y Green Valley:<\/strong> ambas formaciones traer\u00e1n el mejor reggae contempor\u00e1neo al escenario del Moll de la Fusta el s\u00e1bado 22 de septiembre.<\/li>\n<li><strong>Sabor de Gr\u00e0cia:<\/strong> la rumba catalana tiene a sus mejores representantes en esta formaci\u00f3n que homenajear\u00e1 a uno de los m\u00e1s grandes (si no el que m\u00e1s) de este g\u00e9nero: Peret. Ser\u00e1 el domingo 23 tambi\u00e9n en el escenario junto al port vell de Barcelona.<\/li>\n<li><strong>El Kanka:<\/strong> la rumba sigue presente en La Merc\u00e8 2018, en esta ocasi\u00f3n con marcado acento andaluz justo despu\u00e9s de la actuaci\u00f3n de los anteriores.<\/li>\n<li><strong>Love of Lesbian:<\/strong> un cl\u00e1sico de estas fiestas que vienen a resarcirse de su actuaci\u00f3n de hace apenas dos a\u00f1os, en la que una lluvia torrencial les impidi\u00f3 subirse al escenario Mediterr\u00e0niament. Ser\u00e1 en la emblem\u00e1tica playa de Bogatell el s\u00e1bado 22 a las 23.30 h.<\/li>\n<li><strong>Mercury Rev:<\/strong> el rock psicod\u00e9lico de esta legendaria banda reunir\u00e1 a muchos de sus seguidores el domingo 23 en el que est\u00e1 llamado a ser el concierto m\u00e1s multitudinario del escenario de la Plaza dels \u00c0ngels (junto al MACBA).<\/li>\n<li><strong>Rosario \u00abLa Tremendita\u00bb:<\/strong> el flamenco con aires m\u00e1s arraigados coincide en esta sevillana con el toque m\u00e1s conceptual, sin perder ni una pizca de autenticidad. No te la pierdas el domingo a las 22.30 h. en el escenario frente a la catedral y, tras ella, no te muevas de all\u00ed para ver baile flamenco en estado puro de la mano de la bailaora Mayte Mart\u00edn.<\/li>\n<li><strong>Nathy Peluso:<\/strong> la artista revelaci\u00f3n del mestizaje m\u00e1s puro ser\u00e1 el broche de oro para la celebraci\u00f3n que, el 23 de septiembre, realizar\u00e1 la Sala Apolo a sus puertas para celebrar nada m\u00e1s y nada menos que los 75 a\u00f1os de esta m\u00edtica sala de la Avenida Paral.lel.\u00a0Throes &amp; The Shines, The Mani-las, Real Combo Lisbonense y la Barcelona Jazz Orquestra acompa\u00f1ar\u00e1n a \u00abla sandunguera\u00bb en este d\u00eda tan especial para la m\u00fasica independiente barcelonesa.<\/li>\n<li><strong>La Bien Querida:<\/strong> la cantautora madrile\u00f1a que tan bien se desenvuelve entre el pop sint\u00e9tico y el rock independiente, ser\u00e1 la excusa perfecta de este a\u00f1o para acercarse al m\u00edtico escenario de la Antiga F\u00e0brica Damm el lunes 24 a las 18.45 h.<\/li>\n<li><strong>Cuca Roseta:<\/strong> quiz\u00e1s no te suene el nombre de la que est\u00e1 llamada a convertirse en la nueva representante del m\u00e1s puro fado portugu\u00e9s, raz\u00f3n de m\u00e1s por la que la noche del 21 de septiembre te debes acercar a la avenida de la Catedral para descubrir el m\u00e1s sentido folklore de la ciudad invitada de este a\u00f1o.<\/li>\n<li><strong>Amaia Montero:<\/strong> tanto si eres nost\u00e1lgico de los sonidos inofensivos de La Oreja de Van Gogh, como si eres fan del nuevo folk espa\u00f1ol, la donostiarra te espera en la avenida Maria Cristina el viernes a las 22.30 h.<\/li>\n<li><strong>Ram\u00f3n Mirabet:<\/strong> si buscas el mismo coctel que ofrece Amaia Montero pero a la catalana, este cantautor te espera en la Ciutadella mismo d\u00eda, misma hora.<\/li>\n<li><strong>Buhos:<\/strong> dos horas m\u00e1s tarde, a las 00.30 h., el grupo revelaci\u00f3n de Catalu\u00f1a tomar\u00e1 el testigo para regalarnos su pop de tintes electr\u00f3nicos.<\/li>\n<li><strong>Tomasa del Real:<\/strong> el reggaeton tambi\u00e9n tiene cabida en tan diversa agenda musical. B\u00fascalo el s\u00e1bado a la Rambla del Raval a eso de las 22.00 h.<\/li>\n<li><strong>Celtas Cortos:<\/strong> para los m\u00e1s nost\u00e1lgicos de los ritmos noventeros cantados en espa\u00f1ol, los vallisoletanos cantar\u00e1n su 20 de Abril y otros \u00e9xitos en el escenario de Mar\u00eda Cristina el domingo a las 22.30 h.<\/li>\n<li><strong>La Pegatina:<\/strong> hijos directos de la rumba catalana y de los ritmos pegadizos de Kiko Veneno, esta multitudinaria banda de Montcada i Reixac nos ambientar\u00e1n con su colorida puesta en escena tras la actuaci\u00f3n de Celtas Cortos.<\/li>\n<li><strong>Gertrudis:<\/strong> otros rumberos dignos herederos al trono nos har\u00e1n bailar sobre la arena de la playa de Bogatell el s\u00e1bado a la 1.30 h.<\/li>\n<\/ul>\n<p>&nbsp;<\/p>\n<p style=\"text-align: center;\"><iframe loading=\"lazy\" src=\"https:\/\/www.youtube.com\/embed\/bHv8FoILRMc\" width=\"560\" height=\"315\" frameborder=\"0\" allowfullscreen=\"allowfullscreen\"><\/iframe><\/p>\n<p>&nbsp;<\/p>\n<h3><span class=\"ez-toc-section\" id=\"Merce_Arts_al_Carrer_MAC_Festival\"><\/span>Merc\u00e8 Arts al Carrer (MAC Festival)<span class=\"ez-toc-section-end\"><\/span><\/h3>\n<p>&nbsp;<\/p>\n<p>El festival musical BAM tiene en el de artes callejeros (MAC) su mejor r\u00e9plica. As\u00ed, el parque de la Ciutadella y el paseo Llu\u00eds Companys, el Castillo de Montju\u00efc y su ya tradicional Festival Internacional de Circo (durante la ma\u00f1ana y tarde del s\u00e1bado y domingo), el parque de la Trinitat que se consolida como escenario fijo, la Antiga F\u00e0brica Estrella Damm, el Palauet Alb\u00e9niz y la ribera del r\u00edo Bes\u00f2s se llenar\u00e1n un a\u00f1o m\u00e1s de actuaciones a pie de calle de las que destacar este a\u00f1o su car\u00e1cter inclusivo.<\/p>\n<p>Dentro de este contenedor de espect\u00e1culos, no debemos olvidarnos los que tiene a la ciudad invitada, Lisboa, como protagonista. La capital portuguesa dejar\u00e1 su impronta mediante las obras\u00a0La Tasca M\u00f2bil&#8217;, el Teatro Dom Roberto; el montaje multidisciplinario InSomio del Teatro do Mar y el espect\u00e1culo M.O.M.E.N.T.U.M., del grupo de breakdance Momentum Crew.<\/p>\n<p>&nbsp;<\/p>\n<h3><span class=\"ez-toc-section\" id=\"Via_Laietana_libre_de_coches\"><\/span>Via Laietana libre de coches<span class=\"ez-toc-section-end\"><\/span><\/h3>\n<p>&nbsp;<\/p>\n<p>La Merc\u00e8 2018 coincide con la semana de la movilidad sostenible y segura, as\u00ed como el d\u00eda sin coches, por lo que para conmemorar tal evento, la emblem\u00e1tica V\u00eda Laietana ser\u00e1 totalmente peatonal el s\u00e1bado 22. Hecho que se aprovechar\u00e1 para realizar actividades deportivas y de ocio familiar.<\/p>\n<p>&nbsp;<\/p>\n<h2><span class=\"ez-toc-section\" id=\"Los_grandes_clasicos_de_las_Fiestas_de_la_Merce_2018\"><\/span>Los grandes cl\u00e1sicos de las Fiestas de la Merc\u00e8 2018<span class=\"ez-toc-section-end\"><\/span><\/h2>\n<p>&nbsp;<\/p>\n<p>Pese a que los conciertos y el festival de artes callejeras son grandes cl\u00e1sicos, no podemos olvidarnos de los grandes eventos que cada a\u00f1o nos recuerda el car\u00e1cter de la Merc\u00e8 como fiesta mayor de Barcelona. As\u00ed, no nos podemos olvidar de celebraciones como los Correfocs o el Piromusical, pasando por el baile de sardanas y por supuesto, los castellers.<\/p>\n<p>&nbsp;<\/p>\n<h3><span class=\"ez-toc-section\" id=\"El_pregon\"><\/span>El preg\u00f3n<span class=\"ez-toc-section-end\"><\/span><\/h3>\n<p>&nbsp;<\/p>\n<p>No hay inicio de fiestas oficial que se precie que no cuente con su preg\u00f3n inaugural. Este a\u00f1o, tal honor recaer\u00e1 en la actriz barcelonesa Leticia Dolera, ampliamente inmiscuida en temas de igualdad de g\u00e9nero y que sin duda imprimir\u00e1 a\u00fan m\u00e1s de caracter abierto y social la fiesta con un discurso que podr\u00e1 ser seguido mediante videopantallas, interpretaci\u00f3n en lenguaje de signos y transcripci\u00f3n en la plaza de Sant Jaume el viernes a las 18.30 h.<\/p>\n<p>&nbsp;<\/p>\n<p><img loading=\"lazy\" decoding=\"async\" class=\"alignnone size-full wp-image-1112\" src=\"https:\/\/www.residenciasarria.com\/blog\/wp-content\/uploads\/2018\/09\/merce-2018-correfoc.jpg\" alt=\"Para las fiestas de La Merc\u00e8 2018 no puede faltar el cl\u00e1sico correfoc\" width=\"1000\" height=\"666\" srcset=\"https:\/\/www.residenciasarria.com\/blog\/wp-content\/uploads\/2018\/09\/merce-2018-correfoc.jpg 1000w, https:\/\/www.residenciasarria.com\/blog\/wp-content\/uploads\/2018\/09\/merce-2018-correfoc-300x200.jpg 300w, https:\/\/www.residenciasarria.com\/blog\/wp-content\/uploads\/2018\/09\/merce-2018-correfoc-768x511.jpg 768w\" sizes=\"auto, (max-width: 1000px) 100vw, 1000px\" \/><\/p>\n<p>&nbsp;<\/p>\n<h3><span class=\"ez-toc-section\" id=\"El_sequito\"><\/span>El s\u00e9quito<span class=\"ez-toc-section-end\"><\/span><\/h3>\n<p>&nbsp;<\/p>\n<p>Una vez inaugurada la fiesta mayor de Barcelona, desde la Rambla saldr\u00e1n a pasear la\u00a0\u00c0liga, el Lle\u00f3, la Mulassa, el Bou, la V\u00edbria, el Drac, la Tarasca, los Gigantes del Pi, los Gigantes de la Ciudad, los cabezudos Macers, los Cavallets Cotoners y los Gigantes de Santa Maria del Mar. Todo un desfile en el que no faltar\u00e1n los ritmos de los Trabucaires d&#8217;en Perot Rocaguinarda, los Ministrils del Cam\u00ed Ral y, como novedad este a\u00f1o para celebrar su centenario,\u00a0los Gigantes Nuevos de la Casa de la Caritat o del Corpus de Barcelona.<\/p>\n<p>&nbsp;<\/p>\n<h3><span class=\"ez-toc-section\" id=\"XXI_Festival_Pirotecnico\"><\/span>XXI Festival Pirot\u00e9cnico<span class=\"ez-toc-section-end\"><\/span><\/h3>\n<p>&nbsp;<\/p>\n<p>El 21 y 22 de septiembre a las 22.00 h. la playa de la Barceloneta nos espera para La Festa de la Llum i del Foc, Dos noches donde los fuegos artificiales conquistan el cielo abierto del mar barcelon\u00e9s y que este a\u00f1o tendr\u00e1 como organizadores al\u00a0grupo Pirotecnia Luso.<\/p>\n<p>&nbsp;<\/p>\n<h3><span class=\"ez-toc-section\" id=\"El_Piromusical\"><\/span>El Piromusical<span class=\"ez-toc-section-end\"><\/span><\/h3>\n<p>&nbsp;<\/p>\n<p>Los conciertos mas mainstream abandonar\u00e1n la explanada frente a la Font M\u00e0gica el lunes 24 para que a las 22.00 h. podamos disfrutar del broche de oro a estas fiestas tan marcadamente populares. As\u00ed, la avenida Reina Cristina otro a\u00f1o m\u00e1s acoger\u00e1 el espect\u00e1culo de fuegos artificiales, m\u00fasica y luz que este a\u00f1o vendr\u00e1 acompa\u00f1ado a ritmo de fados entre otros sonidos.<\/p>\n<p>&nbsp;<\/p>\n<h6 style=\"text-align: right;\"><span class=\"ez-toc-section\" id=\"Credito_de_la_imagen_principal_Toniher_para_Wikipedia_Commons\"><\/span>Cr\u00e9dito de la imagen principal:\u00a0<a title=\"User:Toniher\" href=\"https:\/\/commons.wikimedia.org\/wiki\/User:Toniher\">Toniher<\/a>\u00a0para Wikipedia Commons.<span class=\"ez-toc-section-end\"><\/span><\/h6>\n<p>&nbsp;<\/p>\n<p><a href=\"https:\/\/www.residenciasarria.com\/es\/contactar\/\"><img loading=\"lazy\" decoding=\"async\" class=\"alignnone wp-image-180 size-full\" src=\"https:\/\/www.residenciasarria.com\/blog\/wp-content\/uploads\/2016\/01\/residencia-sarria-contactar.jpg\" alt=\"Contactar con la Residencia Universitaria Sarri\u00e0\" width=\"795\" height=\"150\" srcset=\"https:\/\/www.residenciasarria.com\/blog\/wp-content\/uploads\/2016\/01\/residencia-sarria-contactar.jpg 795w, https:\/\/www.residenciasarria.com\/blog\/wp-content\/uploads\/2016\/01\/residencia-sarria-contactar-300x57.jpg 300w, https:\/\/www.residenciasarria.com\/blog\/wp-content\/uploads\/2016\/01\/residencia-sarria-contactar-768x145.jpg 768w\" sizes=\"auto, (max-width: 795px) 100vw, 795px\" \/><\/a><\/p>\n\n\n<div class=\"kk-star-ratings kksr-auto kksr-align-right kksr-valign-bottom\"\n    data-payload='{&quot;align&quot;:&quot;right&quot;,&quot;id&quot;:&quot;1107&quot;,&quot;slug&quot;:&quot;default&quot;,&quot;valign&quot;:&quot;bottom&quot;,&quot;ignore&quot;:&quot;&quot;,&quot;reference&quot;:&quot;auto&quot;,&quot;class&quot;:&quot;&quot;,&quot;count&quot;:&quot;9&quot;,&quot;legendonly&quot;:&quot;&quot;,&quot;readonly&quot;:&quot;&quot;,&quot;score&quot;:&quot;5&quot;,&quot;starsonly&quot;:&quot;&quot;,&quot;best&quot;:&quot;5&quot;,&quot;gap&quot;:&quot;5&quot;,&quot;greet&quot;:&quot;Rate this post&quot;,&quot;legend&quot;:&quot;5\\\/5 - (9 votos)&quot;,&quot;size&quot;:&quot;24&quot;,&quot;title&quot;:&quot;Qu\u00e9 hacer en las Fiestas de la Merc\u00e8 2018&quot;,&quot;width&quot;:&quot;142.5&quot;,&quot;_legend&quot;:&quot;{score}\\\/{best} - ({count} {votes})&quot;,&quot;font_factor&quot;:&quot;1.25&quot;}'>\n            \n<div class=\"kksr-stars\">\n    \n<div class=\"kksr-stars-inactive\">\n            <div class=\"kksr-star\" data-star=\"1\" style=\"padding-right: 5px\">\n            \n\n<div class=\"kksr-icon\" style=\"width: 24px; height: 24px;\"><\/div>\n        <\/div>\n            <div class=\"kksr-star\" data-star=\"2\" style=\"padding-right: 5px\">\n            \n\n<div class=\"kksr-icon\" style=\"width: 24px; height: 24px;\"><\/div>\n        <\/div>\n            <div class=\"kksr-star\" data-star=\"3\" style=\"padding-right: 5px\">\n            \n\n<div class=\"kksr-icon\" style=\"width: 24px; height: 24px;\"><\/div>\n        <\/div>\n            <div class=\"kksr-star\" data-star=\"4\" style=\"padding-right: 5px\">\n            \n\n<div class=\"kksr-icon\" style=\"width: 24px; height: 24px;\"><\/div>\n        <\/div>\n            <div class=\"kksr-star\" data-star=\"5\" style=\"padding-right: 5px\">\n            \n\n<div class=\"kksr-icon\" style=\"width: 24px; height: 24px;\"><\/div>\n        <\/div>\n    <\/div>\n    \n<div class=\"kksr-stars-active\" style=\"width: 142.5px;\">\n            <div class=\"kksr-star\" style=\"padding-right: 5px\">\n            \n\n<div class=\"kksr-icon\" style=\"width: 24px; height: 24px;\"><\/div>\n        <\/div>\n            <div class=\"kksr-star\" style=\"padding-right: 5px\">\n            \n\n<div class=\"kksr-icon\" style=\"width: 24px; height: 24px;\"><\/div>\n        <\/div>\n            <div class=\"kksr-star\" style=\"padding-right: 5px\">\n            \n\n<div class=\"kksr-icon\" style=\"width: 24px; height: 24px;\"><\/div>\n        <\/div>\n            <div class=\"kksr-star\" style=\"padding-right: 5px\">\n            \n\n<div class=\"kksr-icon\" style=\"width: 24px; height: 24px;\"><\/div>\n        <\/div>\n            <div class=\"kksr-star\" style=\"padding-right: 5px\">\n            \n\n<div class=\"kksr-icon\" style=\"width: 24px; height: 24px;\"><\/div>\n        <\/div>\n    <\/div>\n<\/div>\n                \n\n<div class=\"kksr-legend\" style=\"font-size: 19.2px;\">\n            5\/5 - (9 votos)    <\/div>\n    <\/div>\n","protected":false},"excerpt":{"rendered":"<p>La gran fiesta de Barcelona lleva nombre de mujer. Cada a\u00f1o, en torno al 24 de septiembre, toda la ciudad se viste de gala y cada rinc\u00f3n es un lugar \u00fanico en el que dif\u00edcilmente se escape poder ver un espect\u00e1culo de arte callejero, un concierto o se improvise alguna performance. M\u00e1s de 500 espect\u00e1culos [&hellip;]<\/p>\n","protected":false},"author":1,"featured_media":1109,"comment_status":"closed","ping_status":"open","sticky":false,"template":"","format":"standard","meta":{"_et_pb_use_builder":"","_et_pb_old_content":"","_et_gb_content_width":"","footnotes":""},"categories":[4],"tags":[],"class_list":["post-1107","post","type-post","status-publish","format-standard","has-post-thumbnail","hentry","category-residir-en-barcelona"],"yoast_head":"<!-- This site is optimized with the Yoast SEO plugin v23.9 - https:\/\/yoast.com\/wordpress\/plugins\/seo\/ -->\n<title>Qu\u00e9 hacer en las Fiestas de la Merc\u00e8 2018 - Residencia Sarri\u00e0<\/title>\n<meta name=\"description\" content=\"Barcelona te espera del 22 al 24 de septiembre para celebrar sus Fiestas de la Merc\u00e8 2018. Te traemos la agenda de conciertos y eventos imperdibles\" \/>\n<meta name=\"robots\" content=\"index, follow, max-snippet:-1, max-image-preview:large, max-video-preview:-1\" \/>\n<link rel=\"canonical\" href=\"https:\/\/www.residenciasarria.com\/blog\/que-hacer-fiestas-merce-2018\/\" \/>\n<meta property=\"og:locale\" content=\"es_ES\" \/>\n<meta property=\"og:type\" content=\"article\" \/>\n<meta property=\"og:title\" content=\"Qu\u00e9 hacer en las Fiestas de la Merc\u00e8 2018 - Residencia Sarri\u00e0\" \/>\n<meta property=\"og:description\" content=\"Barcelona te espera del 22 al 24 de septiembre para celebrar sus Fiestas de la Merc\u00e8 2018. Te traemos la agenda de conciertos y eventos imperdibles\" \/>\n<meta property=\"og:url\" content=\"https:\/\/www.residenciasarria.com\/blog\/que-hacer-fiestas-merce-2018\/\" \/>\n<meta property=\"og:site_name\" content=\"Residencia Universitaria Sarri\u00e0\" \/>\n<meta property=\"article:publisher\" content=\"http:\/\/www.facebook.com\/residenciasarria\" \/>\n<meta property=\"article:published_time\" content=\"2018-09-13T14:56:13+00:00\" \/>\n<meta property=\"article:modified_time\" content=\"2018-09-13T15:03:37+00:00\" \/>\n<meta property=\"og:image\" content=\"https:\/\/www.residenciasarria.com\/blog\/wp-content\/uploads\/2018\/09\/la-merce-barcelona-2018.jpg\" \/>\n\t<meta property=\"og:image:width\" content=\"800\" \/>\n\t<meta property=\"og:image:height\" content=\"450\" \/>\n\t<meta property=\"og:image:type\" content=\"image\/jpeg\" \/>\n<meta name=\"author\" content=\"Residencia Universitaria Sarri\u00e0\" \/>\n<meta name=\"twitter:card\" content=\"summary_large_image\" \/>\n<meta name=\"twitter:creator\" content=\"@ResiSarria\" \/>\n<meta name=\"twitter:site\" content=\"@ResiSarria\" \/>\n<meta name=\"twitter:label1\" content=\"Escrito por\" \/>\n\t<meta name=\"twitter:data1\" content=\"Residencia Universitaria Sarri\u00e0\" \/>\n\t<meta name=\"twitter:label2\" content=\"Tiempo de lectura\" \/>\n\t<meta name=\"twitter:data2\" content=\"8 minutos\" \/>\n<script type=\"application\/ld+json\" class=\"yoast-schema-graph\">{\"@context\":\"https:\/\/schema.org\",\"@graph\":[{\"@type\":\"Article\",\"@id\":\"https:\/\/www.residenciasarria.com\/blog\/que-hacer-fiestas-merce-2018\/#article\",\"isPartOf\":{\"@id\":\"https:\/\/www.residenciasarria.com\/blog\/que-hacer-fiestas-merce-2018\/\"},\"author\":{\"name\":\"Residencia Universitaria Sarri\u00e0\",\"@id\":\"https:\/\/www.residenciasarria.com\/blog\/#\/schema\/person\/24647b7029df760ee1abd1ccc2dde0e2\"},\"headline\":\"Qu\u00e9 hacer en las Fiestas de la Merc\u00e8 2018\",\"datePublished\":\"2018-09-13T14:56:13+00:00\",\"dateModified\":\"2018-09-13T15:03:37+00:00\",\"mainEntityOfPage\":{\"@id\":\"https:\/\/www.residenciasarria.com\/blog\/que-hacer-fiestas-merce-2018\/\"},\"wordCount\":1615,\"publisher\":{\"@id\":\"https:\/\/www.residenciasarria.com\/blog\/#organization\"},\"image\":{\"@id\":\"https:\/\/www.residenciasarria.com\/blog\/que-hacer-fiestas-merce-2018\/#primaryimage\"},\"thumbnailUrl\":\"https:\/\/www.residenciasarria.com\/blog\/wp-content\/uploads\/2018\/09\/la-merce-barcelona-2018.jpg\",\"articleSection\":[\"Residir en Barcelona\"],\"inLanguage\":\"es\"},{\"@type\":\"WebPage\",\"@id\":\"https:\/\/www.residenciasarria.com\/blog\/que-hacer-fiestas-merce-2018\/\",\"url\":\"https:\/\/www.residenciasarria.com\/blog\/que-hacer-fiestas-merce-2018\/\",\"name\":\"Qu\u00e9 hacer en las Fiestas de la Merc\u00e8 2018 - Residencia Sarri\u00e0\",\"isPartOf\":{\"@id\":\"https:\/\/www.residenciasarria.com\/blog\/#website\"},\"primaryImageOfPage\":{\"@id\":\"https:\/\/www.residenciasarria.com\/blog\/que-hacer-fiestas-merce-2018\/#primaryimage\"},\"image\":{\"@id\":\"https:\/\/www.residenciasarria.com\/blog\/que-hacer-fiestas-merce-2018\/#primaryimage\"},\"thumbnailUrl\":\"https:\/\/www.residenciasarria.com\/blog\/wp-content\/uploads\/2018\/09\/la-merce-barcelona-2018.jpg\",\"datePublished\":\"2018-09-13T14:56:13+00:00\",\"dateModified\":\"2018-09-13T15:03:37+00:00\",\"description\":\"Barcelona te espera del 22 al 24 de septiembre para celebrar sus Fiestas de la Merc\u00e8 2018. Te traemos la agenda de conciertos y eventos imperdibles\",\"breadcrumb\":{\"@id\":\"https:\/\/www.residenciasarria.com\/blog\/que-hacer-fiestas-merce-2018\/#breadcrumb\"},\"inLanguage\":\"es\",\"potentialAction\":[{\"@type\":\"ReadAction\",\"target\":[\"https:\/\/www.residenciasarria.com\/blog\/que-hacer-fiestas-merce-2018\/\"]}]},{\"@type\":\"ImageObject\",\"inLanguage\":\"es\",\"@id\":\"https:\/\/www.residenciasarria.com\/blog\/que-hacer-fiestas-merce-2018\/#primaryimage\",\"url\":\"https:\/\/www.residenciasarria.com\/blog\/wp-content\/uploads\/2018\/09\/la-merce-barcelona-2018.jpg\",\"contentUrl\":\"https:\/\/www.residenciasarria.com\/blog\/wp-content\/uploads\/2018\/09\/la-merce-barcelona-2018.jpg\",\"width\":800,\"height\":450,\"caption\":\"Toniher\"},{\"@type\":\"BreadcrumbList\",\"@id\":\"https:\/\/www.residenciasarria.com\/blog\/que-hacer-fiestas-merce-2018\/#breadcrumb\",\"itemListElement\":[{\"@type\":\"ListItem\",\"position\":1,\"name\":\"Portada\",\"item\":\"https:\/\/www.residenciasarria.com\/blog\/\"},{\"@type\":\"ListItem\",\"position\":2,\"name\":\"Qu\u00e9 hacer en las Fiestas de la Merc\u00e8 2018\"}]},{\"@type\":\"WebSite\",\"@id\":\"https:\/\/www.residenciasarria.com\/blog\/#website\",\"url\":\"https:\/\/www.residenciasarria.com\/blog\/\",\"name\":\"Residencia Universitaria Sarri\u00e0\",\"description\":\"La Residencia Universitaria Sarri\u00e0 es un espacio donde el estudio y el desarrollo personal son una prioridad.\",\"publisher\":{\"@id\":\"https:\/\/www.residenciasarria.com\/blog\/#organization\"},\"alternateName\":\"RUS\",\"potentialAction\":[{\"@type\":\"SearchAction\",\"target\":{\"@type\":\"EntryPoint\",\"urlTemplate\":\"https:\/\/www.residenciasarria.com\/blog\/?s={search_term_string}\"},\"query-input\":{\"@type\":\"PropertyValueSpecification\",\"valueRequired\":true,\"valueName\":\"search_term_string\"}}],\"inLanguage\":\"es\"},{\"@type\":\"Organization\",\"@id\":\"https:\/\/www.residenciasarria.com\/blog\/#organization\",\"name\":\"Residencia Universitaria Sarri\u00e0\",\"alternateName\":\"RUS\",\"url\":\"https:\/\/www.residenciasarria.com\/blog\/\",\"logo\":{\"@type\":\"ImageObject\",\"inLanguage\":\"es\",\"@id\":\"https:\/\/www.residenciasarria.com\/blog\/#\/schema\/logo\/image\/\",\"url\":\"https:\/\/www.residenciasarria.com\/blog\/wp-content\/uploads\/2024\/11\/RUS.png\",\"contentUrl\":\"https:\/\/www.residenciasarria.com\/blog\/wp-content\/uploads\/2024\/11\/RUS.png\",\"width\":512,\"height\":512,\"caption\":\"Residencia Universitaria Sarri\u00e0\"},\"image\":{\"@id\":\"https:\/\/www.residenciasarria.com\/blog\/#\/schema\/logo\/image\/\"},\"sameAs\":[\"http:\/\/www.facebook.com\/residenciasarria\",\"https:\/\/x.com\/ResiSarria\",\"https:\/\/www.youtube.com\/user\/RUSarria\"]},{\"@type\":\"Person\",\"@id\":\"https:\/\/www.residenciasarria.com\/blog\/#\/schema\/person\/24647b7029df760ee1abd1ccc2dde0e2\",\"name\":\"Residencia Universitaria Sarri\u00e0\",\"image\":{\"@type\":\"ImageObject\",\"inLanguage\":\"es\",\"@id\":\"https:\/\/www.residenciasarria.com\/blog\/#\/schema\/person\/image\/\",\"url\":\"https:\/\/secure.gravatar.com\/avatar\/7d4a5f12882eafda372a75ec36ce1153?s=96&d=mm&r=g\",\"contentUrl\":\"https:\/\/secure.gravatar.com\/avatar\/7d4a5f12882eafda372a75ec36ce1153?s=96&d=mm&r=g\",\"caption\":\"Residencia Universitaria Sarri\u00e0\"},\"url\":\"https:\/\/www.residenciasarria.com\/blog\/author\/moon\/\"}]}<\/script>\n<!-- \/ Yoast SEO plugin. -->","yoast_head_json":{"title":"Qu\u00e9 hacer en las Fiestas de la Merc\u00e8 2018 - Residencia Sarri\u00e0","description":"Barcelona te espera del 22 al 24 de septiembre para celebrar sus Fiestas de la Merc\u00e8 2018. Te traemos la agenda de conciertos y eventos imperdibles","robots":{"index":"index","follow":"follow","max-snippet":"max-snippet:-1","max-image-preview":"max-image-preview:large","max-video-preview":"max-video-preview:-1"},"canonical":"https:\/\/www.residenciasarria.com\/blog\/que-hacer-fiestas-merce-2018\/","og_locale":"es_ES","og_type":"article","og_title":"Qu\u00e9 hacer en las Fiestas de la Merc\u00e8 2018 - Residencia Sarri\u00e0","og_description":"Barcelona te espera del 22 al 24 de septiembre para celebrar sus Fiestas de la Merc\u00e8 2018. Te traemos la agenda de conciertos y eventos imperdibles","og_url":"https:\/\/www.residenciasarria.com\/blog\/que-hacer-fiestas-merce-2018\/","og_site_name":"Residencia Universitaria Sarri\u00e0","article_publisher":"http:\/\/www.facebook.com\/residenciasarria","article_published_time":"2018-09-13T14:56:13+00:00","article_modified_time":"2018-09-13T15:03:37+00:00","og_image":[{"width":800,"height":450,"url":"https:\/\/www.residenciasarria.com\/blog\/wp-content\/uploads\/2018\/09\/la-merce-barcelona-2018.jpg","type":"image\/jpeg"}],"author":"Residencia Universitaria Sarri\u00e0","twitter_card":"summary_large_image","twitter_creator":"@ResiSarria","twitter_site":"@ResiSarria","twitter_misc":{"Escrito por":"Residencia Universitaria Sarri\u00e0","Tiempo de lectura":"8 minutos"},"schema":{"@context":"https:\/\/schema.org","@graph":[{"@type":"Article","@id":"https:\/\/www.residenciasarria.com\/blog\/que-hacer-fiestas-merce-2018\/#article","isPartOf":{"@id":"https:\/\/www.residenciasarria.com\/blog\/que-hacer-fiestas-merce-2018\/"},"author":{"name":"Residencia Universitaria Sarri\u00e0","@id":"https:\/\/www.residenciasarria.com\/blog\/#\/schema\/person\/24647b7029df760ee1abd1ccc2dde0e2"},"headline":"Qu\u00e9 hacer en las Fiestas de la Merc\u00e8 2018","datePublished":"2018-09-13T14:56:13+00:00","dateModified":"2018-09-13T15:03:37+00:00","mainEntityOfPage":{"@id":"https:\/\/www.residenciasarria.com\/blog\/que-hacer-fiestas-merce-2018\/"},"wordCount":1615,"publisher":{"@id":"https:\/\/www.residenciasarria.com\/blog\/#organization"},"image":{"@id":"https:\/\/www.residenciasarria.com\/blog\/que-hacer-fiestas-merce-2018\/#primaryimage"},"thumbnailUrl":"https:\/\/www.residenciasarria.com\/blog\/wp-content\/uploads\/2018\/09\/la-merce-barcelona-2018.jpg","articleSection":["Residir en Barcelona"],"inLanguage":"es"},{"@type":"WebPage","@id":"https:\/\/www.residenciasarria.com\/blog\/que-hacer-fiestas-merce-2018\/","url":"https:\/\/www.residenciasarria.com\/blog\/que-hacer-fiestas-merce-2018\/","name":"Qu\u00e9 hacer en las Fiestas de la Merc\u00e8 2018 - Residencia Sarri\u00e0","isPartOf":{"@id":"https:\/\/www.residenciasarria.com\/blog\/#website"},"primaryImageOfPage":{"@id":"https:\/\/www.residenciasarria.com\/blog\/que-hacer-fiestas-merce-2018\/#primaryimage"},"image":{"@id":"https:\/\/www.residenciasarria.com\/blog\/que-hacer-fiestas-merce-2018\/#primaryimage"},"thumbnailUrl":"https:\/\/www.residenciasarria.com\/blog\/wp-content\/uploads\/2018\/09\/la-merce-barcelona-2018.jpg","datePublished":"2018-09-13T14:56:13+00:00","dateModified":"2018-09-13T15:03:37+00:00","description":"Barcelona te espera del 22 al 24 de septiembre para celebrar sus Fiestas de la Merc\u00e8 2018. Te traemos la agenda de conciertos y eventos imperdibles","breadcrumb":{"@id":"https:\/\/www.residenciasarria.com\/blog\/que-hacer-fiestas-merce-2018\/#breadcrumb"},"inLanguage":"es","potentialAction":[{"@type":"ReadAction","target":["https:\/\/www.residenciasarria.com\/blog\/que-hacer-fiestas-merce-2018\/"]}]},{"@type":"ImageObject","inLanguage":"es","@id":"https:\/\/www.residenciasarria.com\/blog\/que-hacer-fiestas-merce-2018\/#primaryimage","url":"https:\/\/www.residenciasarria.com\/blog\/wp-content\/uploads\/2018\/09\/la-merce-barcelona-2018.jpg","contentUrl":"https:\/\/www.residenciasarria.com\/blog\/wp-content\/uploads\/2018\/09\/la-merce-barcelona-2018.jpg","width":800,"height":450,"caption":"Toniher"},{"@type":"BreadcrumbList","@id":"https:\/\/www.residenciasarria.com\/blog\/que-hacer-fiestas-merce-2018\/#breadcrumb","itemListElement":[{"@type":"ListItem","position":1,"name":"Portada","item":"https:\/\/www.residenciasarria.com\/blog\/"},{"@type":"ListItem","position":2,"name":"Qu\u00e9 hacer en las Fiestas de la Merc\u00e8 2018"}]},{"@type":"WebSite","@id":"https:\/\/www.residenciasarria.com\/blog\/#website","url":"https:\/\/www.residenciasarria.com\/blog\/","name":"Residencia Universitaria Sarri\u00e0","description":"La Residencia Universitaria Sarri\u00e0 es un espacio donde el estudio y el desarrollo personal son una prioridad.","publisher":{"@id":"https:\/\/www.residenciasarria.com\/blog\/#organization"},"alternateName":"RUS","potentialAction":[{"@type":"SearchAction","target":{"@type":"EntryPoint","urlTemplate":"https:\/\/www.residenciasarria.com\/blog\/?s={search_term_string}"},"query-input":{"@type":"PropertyValueSpecification","valueRequired":true,"valueName":"search_term_string"}}],"inLanguage":"es"},{"@type":"Organization","@id":"https:\/\/www.residenciasarria.com\/blog\/#organization","name":"Residencia Universitaria Sarri\u00e0","alternateName":"RUS","url":"https:\/\/www.residenciasarria.com\/blog\/","logo":{"@type":"ImageObject","inLanguage":"es","@id":"https:\/\/www.residenciasarria.com\/blog\/#\/schema\/logo\/image\/","url":"https:\/\/www.residenciasarria.com\/blog\/wp-content\/uploads\/2024\/11\/RUS.png","contentUrl":"https:\/\/www.residenciasarria.com\/blog\/wp-content\/uploads\/2024\/11\/RUS.png","width":512,"height":512,"caption":"Residencia Universitaria Sarri\u00e0"},"image":{"@id":"https:\/\/www.residenciasarria.com\/blog\/#\/schema\/logo\/image\/"},"sameAs":["http:\/\/www.facebook.com\/residenciasarria","https:\/\/x.com\/ResiSarria","https:\/\/www.youtube.com\/user\/RUSarria"]},{"@type":"Person","@id":"https:\/\/www.residenciasarria.com\/blog\/#\/schema\/person\/24647b7029df760ee1abd1ccc2dde0e2","name":"Residencia Universitaria Sarri\u00e0","image":{"@type":"ImageObject","inLanguage":"es","@id":"https:\/\/www.residenciasarria.com\/blog\/#\/schema\/person\/image\/","url":"https:\/\/secure.gravatar.com\/avatar\/7d4a5f12882eafda372a75ec36ce1153?s=96&d=mm&r=g","contentUrl":"https:\/\/secure.gravatar.com\/avatar\/7d4a5f12882eafda372a75ec36ce1153?s=96&d=mm&r=g","caption":"Residencia Universitaria Sarri\u00e0"},"url":"https:\/\/www.residenciasarria.com\/blog\/author\/moon\/"}]}},"amp_enabled":true,"_links":{"self":[{"href":"https:\/\/www.residenciasarria.com\/blog\/wp-json\/wp\/v2\/posts\/1107","targetHints":{"allow":["GET"]}}],"collection":[{"href":"https:\/\/www.residenciasarria.com\/blog\/wp-json\/wp\/v2\/posts"}],"about":[{"href":"https:\/\/www.residenciasarria.com\/blog\/wp-json\/wp\/v2\/types\/post"}],"author":[{"embeddable":true,"href":"https:\/\/www.residenciasarria.com\/blog\/wp-json\/wp\/v2\/users\/1"}],"replies":[{"embeddable":true,"href":"https:\/\/www.residenciasarria.com\/blog\/wp-json\/wp\/v2\/comments?post=1107"}],"version-history":[{"count":5,"href":"https:\/\/www.residenciasarria.com\/blog\/wp-json\/wp\/v2\/posts\/1107\/revisions"}],"predecessor-version":[{"id":1114,"href":"https:\/\/www.residenciasarria.com\/blog\/wp-json\/wp\/v2\/posts\/1107\/revisions\/1114"}],"wp:featuredmedia":[{"embeddable":true,"href":"https:\/\/www.residenciasarria.com\/blog\/wp-json\/wp\/v2\/media\/1109"}],"wp:attachment":[{"href":"https:\/\/www.residenciasarria.com\/blog\/wp-json\/wp\/v2\/media?parent=1107"}],"wp:term":[{"taxonomy":"category","embeddable":true,"href":"https:\/\/www.residenciasarria.com\/blog\/wp-json\/wp\/v2\/categories?post=1107"},{"taxonomy":"post_tag","embeddable":true,"href":"https:\/\/www.residenciasarria.com\/blog\/wp-json\/wp\/v2\/tags?post=1107"}],"curies":[{"name":"wp","href":"https:\/\/api.w.org\/{rel}","templated":true}]}}